{"id":6845,"date":"2023-08-22T15:39:50","date_gmt":"2023-08-22T15:39:50","guid":{"rendered":"https:\/\/ladepeche.mr\/?p=6845"},"modified":"2023-08-22T15:39:50","modified_gmt":"2023-08-22T15:39:50","slug":"afrique-lunion-africaine-suspend-le-niger-de-toutes-ses-instances","status":"publish","type":"post","link":"https:\/\/ladepeche.mr\/?p=6845","title":{"rendered":"Afrique: L\u2019Union africaine suspend le Niger de toutes ses instances"},"content":{"rendered":"<p> L\u2019institution panafricaine accompagne la C\u00e9d\u00e9ao dans la recherche d\u2019une solution diplomatique \u00e0 la crise nig\u00e9rienne.<\/p>\n<p>Apr\u00e8s une premi\u00e8re rencontre \u00e0 l\u2019issue de laquelle un ultimatum de quinze jours avait \u00e9t\u00e9 donn\u00e9 au Conseil national pour la sauvegarde de la patrie (CNSP), auteur du coup d\u2019Etat du 26 juillet, pour r\u00e9tablir le pr\u00e9sident Mohamed Bazoum dans ses fonctions, le Conseil de Paix et de S\u00e9curit\u00e9 (CPS) de l\u2019Union africaine (UA) vient de d\u00e9voiler sa nouvelle position sur la situation qui pr\u00e9vaut au Niger.<\/p>\n<p>Agissant \u00ab en vertu de l\u2019article 7 de son protocole \u00bb, le CPS a d\u00e9cid\u00e9, au sortir de sa r\u00e9union du 14 ao\u00fbt, de suspendre \u00ab imm\u00e9diatement \u00bb le Niger de ses instances jusqu\u2019au r\u00e9tablissement de l\u2019ordre constitutionnel dans ce pays.<\/p>\n<p>En outre, le CPS de l\u2019UA se \u00ab f\u00e9licite \u00bb des communiqu\u00e9s qui ont sanctionn\u00e9 les sessions extraordinaires de la Communaut\u00e9 \u00e9conomique des Etats de l\u2019Afrique de l\u2019Afrique de l\u2019Ouest (C\u00e9d\u00e9ao) du 30 juillet et celui du 10 ao\u00fbt sur la situation au Niger.<\/p>\n<p>Le CPS dit prendre note de la d\u00e9cision de la C\u00e9d\u00e9ao de d\u00e9ployer une force en attente et demande \u00e0 la commission de l\u2019UA d\u2019\u00e9valuer les \u00ab implications \u00e9conomiques, sociales et s\u00e9curitaires du d\u00e9ploiement et d\u2019en faire rapport au Conseil \u00bb.<\/p>\n<p>Par ailleurs, le CPS \u00ab salue et soutient fortement les efforts inlassables d\u00e9ploy\u00e9s par la C\u00e9d\u00e9ao et demande \u00e0 la commission de nommer un haut repr\u00e9sentant pour encourager les efforts de m\u00e9diation de la C\u00e9d\u00e9ao \u00bb.<\/p>\n<p>Samedi dernier, l\u2019organisation communautaire a d\u00e9p\u00each\u00e9 une d\u00e9l\u00e9gation \u00e0 Niamey conduite par l\u2019ancien pr\u00e9sident nig\u00e9rian, Abdusalami Abubakar. Ce, pour une m\u00e9diation de la derni\u00e8re chance avant l\u2019enclenchement de la machine militaire en vue de restaurer l\u2019ordre constitutionnel.<\/p>\n<p>La d\u00e9l\u00e9gation a rencontr\u00e9 le pr\u00e9sident de la transition, le g\u00e9n\u00e9ral Abdourahamane Tiani et le pr\u00e9sident Bazoum, retenu avec sa famille dans la r\u00e9sidence pr\u00e9sidentielle depuis la nuit du 26 juillet. Rien n\u2019a filtr\u00e9 des \u00e9changes.<\/p>\n<p>Dans la soir\u00e9e de samedi, le g\u00e9n\u00e9ral Tiani a d\u00e9livr\u00e9 \u00ab un message \u00e0 la nation \u00bb dans lequel il a appel\u00e9 au dialogue les forces vives et a annonc\u00e9 une transition qui n\u2019irait pas au-del\u00e0 de trois ans. Une proposition rejet\u00e9e par la C\u00e9d\u00e9ao.<\/p>\n<p>APA-Niamey (Niger)<\/p>\n<p>AC\/APA via cridem<\/p>\n","protected":false},"excerpt":{"rendered":"<p>L\u2019institution panafricaine accompagne la C\u00e9d\u00e9ao dans la recherche d\u2019une solution diplomatique \u00e0 la crise nig\u00e9rienne. Apr\u00e8s une premi\u00e8re rencontre \u00e0 l\u2019issue de laquelle un ultimatum de quinze jours avait \u00e9t\u00e9 donn\u00e9 au Conseil national pour la sauvegarde de la patrie (CNSP), auteur du coup d\u2019Etat du 26 juillet, pour r\u00e9tablir le pr\u00e9sident Mohamed Bazoum dans &hellip;<\/p>\n","protected":false},"author":2,"featured_media":6846,"comment_status":"open","ping_status":"open","sticky":false,"template":"","format":"standard","meta":{"footnotes":""},"categories":[18,29,28],"tags":[],"class_list":["post-6845","post","type-post","status-publish","format-standard","has-post-thumbnail","hentry","category-actualites","category-monde","category-sahel"],"_links":{"self":[{"href":"https:\/\/ladepeche.mr\/index.php?rest_route=\/wp\/v2\/posts\/6845","targetHints":{"allow":["GET"]}}],"collection":[{"href":"https:\/\/ladepeche.mr\/index.php?rest_route=\/wp\/v2\/posts"}],"about":[{"href":"https:\/\/ladepeche.mr\/index.php?rest_route=\/wp\/v2\/types\/post"}],"author":[{"embeddable":true,"href":"https:\/\/ladepeche.mr\/index.php?rest_route=\/wp\/v2\/users\/2"}],"replies":[{"embeddable":true,"href":"https:\/\/ladepeche.mr\/index.php?rest_route=%2Fwp%2Fv2%2Fcomments&post=6845"}],"version-history":[{"count":1,"href":"https:\/\/ladepeche.mr\/index.php?rest_route=\/wp\/v2\/posts\/6845\/revisions"}],"predecessor-version":[{"id":6847,"href":"https:\/\/ladepeche.mr\/index.php?rest_route=\/wp\/v2\/posts\/6845\/revisions\/6847"}],"wp:featuredmedia":[{"embeddable":true,"href":"https:\/\/ladepeche.mr\/index.php?rest_route=\/wp\/v2\/media\/6846"}],"wp:attachment":[{"href":"https:\/\/ladepeche.mr\/index.php?rest_route=%2Fwp%2Fv2%2Fmedia&parent=6845"}],"wp:term":[{"taxonomy":"category","embeddable":true,"href":"https:\/\/ladepeche.mr\/index.php?rest_route=%2Fwp%2Fv2%2Fcategories&post=6845"},{"taxonomy":"post_tag","embeddable":true,"href":"https:\/\/ladepeche.mr\/index.php?rest_route=%2Fwp%2Fv2%2Ftags&post=6845"}],"curies":[{"name":"wp","href":"https:\/\/api.w.org\/{rel}","templated":true}]}}