{"id":6848,"date":"2023-08-22T18:21:00","date_gmt":"2023-08-22T18:21:00","guid":{"rendered":"https:\/\/ladepeche.mr\/?p=6848"},"modified":"2023-08-23T08:45:21","modified_gmt":"2023-08-23T08:45:21","slug":"mines-aya-gold-silver-annonce-de-nouvelles-decouvertes-dor-a-tijiritt","status":"publish","type":"post","link":"https:\/\/ladepeche.mr\/?p=6848","title":{"rendered":"Mines : &#8220;Aya Gold &#038; Silver&#8221; annonce de nouvelles d\u00e9couvertes d\u2019or \u00e0 Tijiritt"},"content":{"rendered":"<p>Les r\u00e9sultats des forages d&#8217;exploration du projet aurif\u00e8re, Aya Gold &#038; Silver, \u00e0 Tijirit, nord de la Mauritanie, auraient confirm\u00e9 une haute teneur d\u2019or lors des derni\u00e8res prospections. Les r\u00e9sultats de forage conforteraient le potentiel d&#8217;une mine \u00e0 ciel ouvert \u00bb confient les responsables du projet. \u00abCes r\u00e9sultats sont significatifs dans le contexte de la mise \u00e0 jour des ressources et de la finalisation de notre \u00e9tude de faisabilit\u00e9 dans les mois \u00e0 venir \u00bb aurait notamment confi\u00e9 Benoit La Salle, PDG de la compagnie.<br \/>\nLa canadienne, Aya Gold &#038; Silver, a rachet\u00e9 le 11 juin 2021 Algold, pour s\u2019occuper des prospections et de l\u2019\u00e9valuation des gisements potentiels.<\/p>\n","protected":false},"excerpt":{"rendered":"<p>Les r\u00e9sultats des forages d&#8217;exploration du projet aurif\u00e8re, Aya Gold &#038; Silver, \u00e0 Tijirit, nord de la Mauritanie, auraient confirm\u00e9 une haute teneur d\u2019or lors des derni\u00e8res prospections. Les r\u00e9sultats de forage conforteraient le potentiel d&#8217;une mine \u00e0 ciel ouvert \u00bb confient les responsables du projet. \u00abCes r\u00e9sultats sont significatifs dans le contexte de la &hellip;<\/p>\n","protected":false},"author":2,"featured_media":6849,"comment_status":"open","ping_status":"open","sticky":false,"template":"","format":"standard","meta":{"footnotes":""},"categories":[18,2],"tags":[],"class_list":["post-6848","post","type-post","status-publish","format-standard","has-post-thumbnail","hentry","category-actualites","category-economie"],"_links":{"self":[{"href":"https:\/\/ladepeche.mr\/index.php?rest_route=\/wp\/v2\/posts\/6848","targetHints":{"allow":["GET"]}}],"collection":[{"href":"https:\/\/ladepeche.mr\/index.php?rest_route=\/wp\/v2\/posts"}],"about":[{"href":"https:\/\/ladepeche.mr\/index.php?rest_route=\/wp\/v2\/types\/post"}],"author":[{"embeddable":true,"href":"https:\/\/ladepeche.mr\/index.php?rest_route=\/wp\/v2\/users\/2"}],"replies":[{"embeddable":true,"href":"https:\/\/ladepeche.mr\/index.php?rest_route=%2Fwp%2Fv2%2Fcomments&post=6848"}],"version-history":[{"count":2,"href":"https:\/\/ladepeche.mr\/index.php?rest_route=\/wp\/v2\/posts\/6848\/revisions"}],"predecessor-version":[{"id":6851,"href":"https:\/\/ladepeche.mr\/index.php?rest_route=\/wp\/v2\/posts\/6848\/revisions\/6851"}],"wp:featuredmedia":[{"embeddable":true,"href":"https:\/\/ladepeche.mr\/index.php?rest_route=\/wp\/v2\/media\/6849"}],"wp:attachment":[{"href":"https:\/\/ladepeche.mr\/index.php?rest_route=%2Fwp%2Fv2%2Fmedia&parent=6848"}],"wp:term":[{"taxonomy":"category","embeddable":true,"href":"https:\/\/ladepeche.mr\/index.php?rest_route=%2Fwp%2Fv2%2Fcategories&post=6848"},{"taxonomy":"post_tag","embeddable":true,"href":"https:\/\/ladepeche.mr\/index.php?rest_route=%2Fwp%2Fv2%2Ftags&post=6848"}],"curies":[{"name":"wp","href":"https:\/\/api.w.org\/{rel}","templated":true}]}}