{"id":6876,"date":"2023-08-26T10:40:41","date_gmt":"2023-08-26T10:40:41","guid":{"rendered":"https:\/\/ladepeche.mr\/?p=6876"},"modified":"2023-08-26T10:48:08","modified_gmt":"2023-08-26T10:48:08","slug":"insecurite-maritime-soutenir-les-organisations-de-pecheurs-pour-une-lutte-efficiente","status":"publish","type":"post","link":"https:\/\/ladepeche.mr\/?p=6876","title":{"rendered":"Ins\u00e9curit\u00e9 maritime : Soutenir les organisations de p\u00eacheurs pour une lutte efficiente"},"content":{"rendered":"<p>Durant deux jours, les participants \u00e0 l\u2019atelier sur l\u2019implication de la soci\u00e9t\u00e9 civile contre l\u2019ins\u00e9curit\u00e9 maritime en Mauritanie ont fait le tour de la question en vue d\u2019en relever le d\u00e9fi. Une panoplie de recommandations tente de fixer les contours de la question et surtout comment contribuer \u00e0 pallier au risque des activit\u00e9s gazi\u00e8res et p\u00e9troli\u00e8res offshore.<\/p>\n<p>L\u2019h\u00f4tel \u00abMauricentre \u00bb a abrit\u00e9, du 22 au 23 ao\u00fbt 2023, l\u2019atelier sur l\u2019implication de la soci\u00e9t\u00e9 civile contre l\u2019ins\u00e9curit\u00e9 maritime en Mauritanie. Une rencontre sur la pertinence de laquelle s\u2019accordent les diff\u00e9rents participants en raison de l\u2019effervescence de l\u2019activit\u00e9 gazi\u00e8re et p\u00e9troli\u00e8re en offshore dans le pays. Vingt-cinq personnes, issues principalement des organisations de la soci\u00e9t\u00e9 civile du secteur maritime, y compris les associations de p\u00eacheurs et de transformateurs de poisson, ainsi que celles impliqu\u00e9es dans la lutte contre la criminalit\u00e9 transnationale organis\u00e9e, se sont donc pench\u00e9es sur les meilleurs moyens d\u2019impliquer la soci\u00e9t\u00e9 civile aux efforts de lutte contre l\u2019ins\u00e9curit\u00e9 maritime.<\/p>\n<p><strong>Sensibiliser \u00e0 tout prix<\/strong><br \/>\nL\u2019atelier est organis\u00e9 par la FNP\/P\u00eache artisanale en collaboration avec le projet Appui \u00e0 la s\u00e9curit\u00e9 maritime int\u00e9gr\u00e9e de l\u2019Afrique de l\u2019Ouest (SWAIMS), mais aussi gr\u00e2ce au soutien de l\u2019Union Europ\u00e9enne et du gouvernement mauritanien. Les principaux objectifs assign\u00e9s \u00e0 cette premi\u00e8re rencontre en Mauritanie portaient sur la sensibilisation \u00e0 la lutte contre l&#8217;ins\u00e9curit\u00e9 maritime, sur ses cons\u00e9quences \u00e9conomiques, sociales, environnementales et transnationales, y compris la p\u00eache INN; sur les risques inh\u00e9rents \u00e0 l&#8217;exploitation et du transport du gaz, sur les solutions envisageables.<br \/>\nQuatre communications ont \u00e9t\u00e9 pr\u00e9sent\u00e9es durant ces deux jours pour faire le tour des questions li\u00e9es \u00e0 la contribution de la soci\u00e9t\u00e9 civile aux activit\u00e9s de lutte contre l\u2019ins\u00e9curit\u00e9 maritime. La premi\u00e8re a port\u00e9 sur les \u00e9conomies de l\u2019Afrique de l\u2019Ouest et du Centre face aux d\u00e9fis de l&#8217;ins\u00e9curit\u00e9 maritime pr\u00e9sent\u00e9e par le Colonel Barthel\u00e9my Bl\u00e9d\u00e9, expert SWAIMS. L\u2019expert mettra en exergue la \u00ab menace maritime multiforme \u00bb qui accompagne, le d\u00e9veloppement des \u00e9changes des mati\u00e8res premi\u00e8res par voie maritime avant de s\u2019attaquer, dans une seconde pr\u00e9sentation, aux enjeux de la p\u00eache INN dans la sous-r\u00e9gion africaine exhortant \u00e0 une grande mobilisation internationale pour y faire face. <\/p>\n<p><strong>Pour une surveillance participative<\/strong><br \/>\nLa troisi\u00e8me communication a \u00e9t\u00e9 pr\u00e9sent\u00e9e, par le pr\u00e9sident de la FNP\/P\u00eache artisanle de Mauritanie, Sid\u2019Ahmed Abeid et \u00e9voquait le r\u00f4le de la soci\u00e9t\u00e9 civile dans la s\u00e9curisation des eaux mauritaniennes. Le pr\u00e9sident Abeid a d\u2019abord bross\u00e9 un tableau de la situation de la p\u00eache artisanale et sur son r\u00f4le dans le d\u00e9veloppement \u00e9conomique et social du pays avant de rappeler les exigences de pr\u00e9vention s\u00e9curitaire \u00e0 travers \u00ab l&#8217;information et la sensibilisation, la fourniture d&#8217;\u00e9quipements de s\u00e9curit\u00e9 adapt\u00e9s et abordables, et la formation des p\u00eacheurs \u00bb pour \u00e9viter les accidents en mer.  Il s\u2019est \u00e9galement favorable \u00e0 une surveillance participative des activit\u00e9s p\u00e9troli\u00e8res et gazi\u00e8res en haute mer par l\u2019implication de la soci\u00e9t\u00e9 civile. Une quatri\u00e8me communication, pr\u00e9sent\u00e9e par SIDI Mohamed Ould Mohamed Cheikh, s\u2019est enfin int\u00e9ress\u00e9e aux cons\u00e9quences des activit\u00e9s gazi\u00e8res et p\u00e9troli\u00e8res sur la s\u00e9curit\u00e9 et la s\u00fbret\u00e9 maritimes et sur le milieu marin. L\u2019expert a exhort\u00e9 \u00e0 prendre des mesures idoines pour le renforcement de la s\u00e9curit\u00e9 maritime surtout au niveau de la p\u00eache artisanale, l\u2019acquisition des \u00e9quipements de la lutte contre les pollutions marine \u00bb afin de faire face \u00e0 \u00ab l\u2019impact n\u00e9gatif de l\u2019exploitation des activit\u00e9s p\u00e9troli\u00e8res et gazi\u00e8res \u00bb.<br \/>\nA noter qu\u2019\u00e0 l\u2019issue de ces pr\u00e9sentations et leur discussion, les participants scind\u00e9s en deux groupes ont \u00e9mis des recommandations provisoires dans le sens de la bonne contribution du sous-secteur aux activit\u00e9s de s\u00e9curit\u00e9 maritime.<br \/>\nNotons que la c\u00e9r\u00e9monie d\u2019ouverture a eu lieu sous la pr\u00e9sidence de M. Mohamed Yeslim Mohamed Elhacen, Directeur G\u00e9n\u00e9ral Adjoint de l&#8217;Agence Mauritanienne des Affaires Maritimes \u2013AMAM, repr\u00e9sentant le Ministre des P\u00eaches et de l\u2019\u00c9conomie Maritime, a insist\u00e9 sur l&#8217;importance de la tenue de cet atelier et mis en exergue l&#8217;approche de s\u00e9curit\u00e9 int\u00e9gr\u00e9e en Afrique de l&#8217;Ouest notamment.  De son c\u00f4t\u00e9, JM DEWERPE ALVARO, Premier Conseiller, Chef de Coop\u00e9ration, \u00e0 la D\u00e9l\u00e9gation de l\u2019Union europ\u00e9enne en Mauritanie, a exprim\u00e9 la volont\u00e9 de l\u2019Union europ\u00e9enne \u00e0 continuer de soutenir les efforts d\u00e9ploy\u00e9s par les \u00c9tats de l\u2019Afrique de l\u2019Ouest et du Centre en mati\u00e8re de s\u00e9curit\u00e9 en g\u00e9n\u00e9ral et de s\u00e9curit\u00e9 maritime en particulier.<br \/>\nLe Colonel Abdourahmane Dieng, PhD, Chef de la Division S\u00e9curit\u00e9 R\u00e9gionale de la Commission de la CEDEAO, quant \u00e0 lui, se f\u00e9licitant de l\u2019initiative du projet SWAIMS pour la pertinence du th\u00e8me choisi, a exhort\u00e9 les participants \u00e0 s\u2019approprier le contenu de l\u2019atelier et mis en garde la Mauritanie contre  les menaces maritimes qui pourraient peser sur son \u00e9conomie avec le d\u00e9but d&#8217;exploitation des gisements de gaz offshore, \u00ab Grand Tortue Ahmeyim \u00bb.<br \/>\nCompte rendu<br \/>\nJD<\/p>\n","protected":false},"excerpt":{"rendered":"<p>Durant deux jours, les participants \u00e0 l\u2019atelier sur l\u2019implication de la soci\u00e9t\u00e9 civile contre l\u2019ins\u00e9curit\u00e9 maritime en Mauritanie ont fait le tour de la question en vue d\u2019en relever le d\u00e9fi. Une panoplie de recommandations tente de fixer les contours de la question et surtout comment contribuer \u00e0 pallier au risque des activit\u00e9s gazi\u00e8res et &hellip;<\/p>\n","protected":false},"author":2,"featured_media":6878,"comment_status":"open","ping_status":"open","sticky":false,"template":"","format":"standard","meta":{"footnotes":""},"categories":[18,2],"tags":[],"class_list":["post-6876","post","type-post","status-publish","format-standard","has-post-thumbnail","hentry","category-actualites","category-economie"],"_links":{"self":[{"href":"https:\/\/ladepeche.mr\/index.php?rest_route=\/wp\/v2\/posts\/6876","targetHints":{"allow":["GET"]}}],"collection":[{"href":"https:\/\/ladepeche.mr\/index.php?rest_route=\/wp\/v2\/posts"}],"about":[{"href":"https:\/\/ladepeche.mr\/index.php?rest_route=\/wp\/v2\/types\/post"}],"author":[{"embeddable":true,"href":"https:\/\/ladepeche.mr\/index.php?rest_route=\/wp\/v2\/users\/2"}],"replies":[{"embeddable":true,"href":"https:\/\/ladepeche.mr\/index.php?rest_route=%2Fwp%2Fv2%2Fcomments&post=6876"}],"version-history":[{"count":3,"href":"https:\/\/ladepeche.mr\/index.php?rest_route=\/wp\/v2\/posts\/6876\/revisions"}],"predecessor-version":[{"id":6881,"href":"https:\/\/ladepeche.mr\/index.php?rest_route=\/wp\/v2\/posts\/6876\/revisions\/6881"}],"wp:featuredmedia":[{"embeddable":true,"href":"https:\/\/ladepeche.mr\/index.php?rest_route=\/wp\/v2\/media\/6878"}],"wp:attachment":[{"href":"https:\/\/ladepeche.mr\/index.php?rest_route=%2Fwp%2Fv2%2Fmedia&parent=6876"}],"wp:term":[{"taxonomy":"category","embeddable":true,"href":"https:\/\/ladepeche.mr\/index.php?rest_route=%2Fwp%2Fv2%2Fcategories&post=6876"},{"taxonomy":"post_tag","embeddable":true,"href":"https:\/\/ladepeche.mr\/index.php?rest_route=%2Fwp%2Fv2%2Ftags&post=6876"}],"curies":[{"name":"wp","href":"https:\/\/api.w.org\/{rel}","templated":true}]}}