{"id":6890,"date":"2023-08-31T08:45:29","date_gmt":"2023-08-31T08:45:29","guid":{"rendered":"https:\/\/ladepeche.mr\/?p=6890"},"modified":"2023-08-31T10:01:58","modified_gmt":"2023-08-31T10:01:58","slug":"justice-mort-suspecte-dun-juge-etrangle-dans-ses-toilettes","status":"publish","type":"post","link":"https:\/\/ladepeche.mr\/?p=6890","title":{"rendered":"Justice: Mort suspecte d\u2019un juge \u00e9trangl\u00e9 dans ses toilettes"},"content":{"rendered":"<p>L\u2019avocat Mohamed Ould Moine soutient dans un post sur sa page Facebook que la mort du juge, Lemrabott Ould Adel, retrouv\u00e9 mort des suites d\u2019une strangulation dans ses toilettes, reste, \u00e0 ses yeux, une affaire suspect.<br \/>\nL\u2019avocat indique qu\u2019une enqu\u00eate serait en cours pour \u00e9luder les circonstances de l\u2019assassinat qu\u2019il promet ne pas rester impuni.<br \/>\nL\u2019avocat pr\u00e9cise qu\u2019il pour le moment il n\u2019accuse personne malgr\u00e9 ce qu\u2019il consid\u00e8re la \u00abclart\u00e9 de la signature\u00a0\u00bb du crime. Personne ne sait ce \u00e0 quoi Me Moine insinue mais gageons qu\u2019il sait de quoi il parle. Pour lui il faudra faire \u00e9clore \u00ab\u00a0la v\u00e9rit\u00e9, toute la v\u00e9rit\u00e9 et rien que la v\u00e9rit\u00e9\u00a0\u00bb sur cette affaire qu\u2019il promet en r\u00e9v\u00e9lera les auteurs.<\/p>\n","protected":false},"excerpt":{"rendered":"<p>L\u2019avocat Mohamed Ould Moine soutient dans un post sur sa page Facebook que la mort du juge, Lemrabott Ould Adel, retrouv\u00e9 mort des suites d\u2019une strangulation dans ses toilettes, reste, \u00e0 ses yeux, une affaire suspect. L\u2019avocat indique qu\u2019une enqu\u00eate serait en cours pour \u00e9luder les circonstances de l\u2019assassinat qu\u2019il promet ne pas rester impuni. &hellip;<\/p>\n","protected":false},"author":2,"featured_media":6891,"comment_status":"open","ping_status":"open","sticky":false,"template":"","format":"standard","meta":{"footnotes":""},"categories":[18],"tags":[],"class_list":["post-6890","post","type-post","status-publish","format-standard","has-post-thumbnail","hentry","category-actualites"],"_links":{"self":[{"href":"https:\/\/ladepeche.mr\/index.php?rest_route=\/wp\/v2\/posts\/6890","targetHints":{"allow":["GET"]}}],"collection":[{"href":"https:\/\/ladepeche.mr\/index.php?rest_route=\/wp\/v2\/posts"}],"about":[{"href":"https:\/\/ladepeche.mr\/index.php?rest_route=\/wp\/v2\/types\/post"}],"author":[{"embeddable":true,"href":"https:\/\/ladepeche.mr\/index.php?rest_route=\/wp\/v2\/users\/2"}],"replies":[{"embeddable":true,"href":"https:\/\/ladepeche.mr\/index.php?rest_route=%2Fwp%2Fv2%2Fcomments&post=6890"}],"version-history":[{"count":1,"href":"https:\/\/ladepeche.mr\/index.php?rest_route=\/wp\/v2\/posts\/6890\/revisions"}],"predecessor-version":[{"id":6892,"href":"https:\/\/ladepeche.mr\/index.php?rest_route=\/wp\/v2\/posts\/6890\/revisions\/6892"}],"wp:featuredmedia":[{"embeddable":true,"href":"https:\/\/ladepeche.mr\/index.php?rest_route=\/wp\/v2\/media\/6891"}],"wp:attachment":[{"href":"https:\/\/ladepeche.mr\/index.php?rest_route=%2Fwp%2Fv2%2Fmedia&parent=6890"}],"wp:term":[{"taxonomy":"category","embeddable":true,"href":"https:\/\/ladepeche.mr\/index.php?rest_route=%2Fwp%2Fv2%2Fcategories&post=6890"},{"taxonomy":"post_tag","embeddable":true,"href":"https:\/\/ladepeche.mr\/index.php?rest_route=%2Fwp%2Fv2%2Ftags&post=6890"}],"curies":[{"name":"wp","href":"https:\/\/api.w.org\/{rel}","templated":true}]}}