{"id":6897,"date":"2023-08-31T13:43:11","date_gmt":"2023-08-31T13:43:11","guid":{"rendered":"https:\/\/ladepeche.mr\/?p=6897"},"modified":"2023-08-31T13:43:11","modified_gmt":"2023-08-31T13:43:11","slug":"maroc-autoroute-de-leau-les-premiers-metres-cubes-deau-de-loued-sebou-arrivent-a-la-capitale","status":"publish","type":"post","link":"https:\/\/ladepeche.mr\/?p=6897","title":{"rendered":"Maroc- Autoroute de l&#8217;eau: les premiers m\u00e8tres cubes d&#8217;eau de l&#8217;oued Sebou arrivent \u00e0 la Capitale"},"content":{"rendered":"<p>Les premiers m\u00e8tres cubes d\u2019eau du Bassin\u00a0du Sebou sont arriv\u00e9s dans le Bassin du Bouregreg, selon un communiqu\u00e9 rendu public le 29 ao\u00fbt. A cet effet, certains quotidiens rappellent que cela \u00e0 \u00e9t\u00e9 r\u00e9alis\u00e9 conform\u00e9ment aux directives royales\u00a0contenues dans le discours royal du 14 octobre\u00a02022, \u00e0 l\u2019occasion de l\u2019ouverture de la premi\u00e8re session de la deuxi\u00e8me ann\u00e9e l\u00e9gislative de la onzi\u00e8me l\u00e9gislature.<\/p>\n<p>Ainsi, le communiqu\u00e9 assure que ce vaste projet vise \u00e0 d\u00e9tourner les eaux exc\u00e9dentaires du bassin du Sebou perdues dans l&#8217;oc\u00e9an Atlantique vers le bassin du Bouregreg afin de s\u00e9curiser l&#8217;approvisionnement en eau potable de l&#8217;axe Rabat-Casablanca, ainsi que pour soulager la pression sur le barrage de Massira.<\/p>\n<p>L&#8217;exploitation de ce projet, selon le m\u00eame communiqu\u00e9, a commenc\u00e9 progressivement, \u00e0 partir du 24 ao\u00fbt 2023, par la r\u00e9alisation des essais sur les \u00e9quipements et la d\u00e9rivation de l&#8217;eau, avec un d\u00e9bit initial ne d\u00e9passant pas 3 m\u00e8tres cubes par seconde. Un d\u00e9bit qui augmentera progressivement pour atteindre au cours des prochaines semaines jusqu&#8217;\u00e0 15 m\u00e8tres cubes par seconde.<\/p>\n<p>Pour ce qui est du d\u00e9bit journalier, il atteindra prochainement 1,3 millions de m\u00e8tres cubes, soit plus de deux fois la consommation quotidienne en eau d&#8217;une ville comme Casablanca. Annuellement, ce projet permettra de transf\u00e9rer<br \/>\nun volume d&#8217;eau exc\u00e9dentaire du bassin du Sebou compris entre 350 et 400 millions de m\u00e8tres cubes. <\/p>\n<p>Ce titanesque projet a \u00e9t\u00e9 essentiellement r\u00e9alis\u00e9 par des entreprises marocaines, en l&#8217;occurrence la Soci\u00e9t\u00e9 g\u00e9n\u00e9rale des travaux du Maroc (SGTM), la Soci\u00e9t\u00e9 nouvelle des conduites d&#8217;eau (SNCE), la Soci\u00e9t\u00e9 de travaux agricoles marocains (STAM) et la Soci\u00e9t\u00e9 maghr\u00e9bine de g\u00e9nie civil et du conseil en ing\u00e9nierie et d\u00e9veloppement.<\/p>\n<p>Il a fallu neuf mois et un budget de 6 milliards de dirhams pour la r\u00e9alisation de ce projet d&#8217;interconnexion qui comprend un barrage de garde sur Oued Sebou, 67 km de canaux en acier d&#8217;un diam\u00e8tre de 3200 mm, deux stations de pompage avec un d\u00e9bit de 15 m\u00e8tres cubes par seconde, ainsi qu&#8217;un bassin pour acheminer l&#8217;eau vers le barrage Sidi Mohamed Ben Abdellah.<\/p>\n","protected":false},"excerpt":{"rendered":"<p>Les premiers m\u00e8tres cubes d\u2019eau du Bassin\u00a0du Sebou sont arriv\u00e9s dans le Bassin du Bouregreg, selon un communiqu\u00e9 rendu public le 29 ao\u00fbt. A cet effet, certains quotidiens rappellent que cela \u00e0 \u00e9t\u00e9 r\u00e9alis\u00e9 conform\u00e9ment aux directives royales\u00a0contenues dans le discours royal du 14 octobre\u00a02022, \u00e0 l\u2019occasion de l\u2019ouverture de la premi\u00e8re session de la &hellip;<\/p>\n","protected":false},"author":2,"featured_media":6899,"comment_status":"open","ping_status":"open","sticky":false,"template":"","format":"standard","meta":{"footnotes":""},"categories":[18,29],"tags":[],"class_list":["post-6897","post","type-post","status-publish","format-standard","has-post-thumbnail","hentry","category-actualites","category-monde"],"_links":{"self":[{"href":"https:\/\/ladepeche.mr\/index.php?rest_route=\/wp\/v2\/posts\/6897","targetHints":{"allow":["GET"]}}],"collection":[{"href":"https:\/\/ladepeche.mr\/index.php?rest_route=\/wp\/v2\/posts"}],"about":[{"href":"https:\/\/ladepeche.mr\/index.php?rest_route=\/wp\/v2\/types\/post"}],"author":[{"embeddable":true,"href":"https:\/\/ladepeche.mr\/index.php?rest_route=\/wp\/v2\/users\/2"}],"replies":[{"embeddable":true,"href":"https:\/\/ladepeche.mr\/index.php?rest_route=%2Fwp%2Fv2%2Fcomments&post=6897"}],"version-history":[{"count":1,"href":"https:\/\/ladepeche.mr\/index.php?rest_route=\/wp\/v2\/posts\/6897\/revisions"}],"predecessor-version":[{"id":6900,"href":"https:\/\/ladepeche.mr\/index.php?rest_route=\/wp\/v2\/posts\/6897\/revisions\/6900"}],"wp:featuredmedia":[{"embeddable":true,"href":"https:\/\/ladepeche.mr\/index.php?rest_route=\/wp\/v2\/media\/6899"}],"wp:attachment":[{"href":"https:\/\/ladepeche.mr\/index.php?rest_route=%2Fwp%2Fv2%2Fmedia&parent=6897"}],"wp:term":[{"taxonomy":"category","embeddable":true,"href":"https:\/\/ladepeche.mr\/index.php?rest_route=%2Fwp%2Fv2%2Fcategories&post=6897"},{"taxonomy":"post_tag","embeddable":true,"href":"https:\/\/ladepeche.mr\/index.php?rest_route=%2Fwp%2Fv2%2Ftags&post=6897"}],"curies":[{"name":"wp","href":"https:\/\/api.w.org\/{rel}","templated":true}]}}