{"id":6901,"date":"2023-09-02T08:59:34","date_gmt":"2023-09-02T08:59:34","guid":{"rendered":"https:\/\/ladepeche.mr\/?p=6901"},"modified":"2023-09-02T08:59:34","modified_gmt":"2023-09-02T08:59:34","slug":"rencontre-ministre-des-finances-et-representante-du-fmi-au-menu-des-echanges-le-programme-economique-et-les-reformes-engagees","status":"publish","type":"post","link":"https:\/\/ladepeche.mr\/?p=6901","title":{"rendered":"Rencontre Ministre des finances et Repr\u00e9sentante du Fmi : Au menu des \u00e9changes, le programme \u00e9conomique et les r\u00e9formes engag\u00e9es"},"content":{"rendered":"<p>Isselmou Ould Mohamed M\u2019bady, ministre des finances, a discut\u00e9 vendredi \u00e0 Nouakchott, en pr\u00e9sence de Fall Khayar, Directeur g\u00e9n\u00e9ral du Budget, avec Mme Anta Ndiaw, repr\u00e9sentante r\u00e9sidente du fonds mon\u00e9taire international en Mauritanie, du programme de coop\u00e9ration existant entre les deux parties.<br \/>\nLa Mauritanie est engag\u00e9e avec le Fmi pour un programme de r\u00e9formes \u00e9conomiques visant \u00ab \u00e0 pr\u00e9server la stabilit\u00e9 macro\u00e9conomique, \u00e0 consolider les bases d\u2019une croissance durable et inclusive et \u00e0 r\u00e9duire la pauvret\u00e9 \u00bb. Au premier rang de ces pr\u00e9occupations formant les trois piliers du programme de r\u00e9formes en cours la viabilit\u00e9 budg\u00e9taire et la r\u00e9duction de l\u2019endettement. Des objectifs o\u00f9 le gouvernement semble avoir fait des progr\u00e8s consid\u00e9rables. Le gouvernement, qui a h\u00e9rit\u00e9 d\u2019une \u00e9conomie en berne en 2019, avec notamment un endettement colossal, s\u2019est attaqu\u00e9 de front \u00e0 l\u2019inflation gr\u00e2ce \u00e0 des mesures idoines d\u2019am\u00e9lioration du cadre des politiques mon\u00e9taires et de change diligent\u00e9 par la BCM. L\u2019\u00e9volution positive du programme avec le Fmi permet, \u00e0 termes, au pays d\u2019\u00eatre plus solvable et de pouvoir b\u00e9n\u00e9ficier d\u2019investissements pr\u00e9f\u00e9rentiels pour renforcer sa r\u00e9silience dans un monde en proie, apr\u00e8s la crise de la Covid19, \u00e0 la volatilit\u00e9 de l\u2019approvisionnement alimentaire et \u00e9nerg\u00e9tique li\u00e9e \u00e0 la guerre d\u2019usure en Ukraine.<br \/>\nEn janvier 2023, rappelle-t-on, le Fmi avait conclu un accord triennal avec les autorit\u00e9s du pays au titre de la FEC et du MEDC (M\u00e9canisme Elargi de Cr\u00e9dit) pour un montant total de plus de 82,75 millions de dollars Us.<\/p>\n","protected":false},"excerpt":{"rendered":"<p>Isselmou Ould Mohamed M\u2019bady, ministre des finances, a discut\u00e9 vendredi \u00e0 Nouakchott, en pr\u00e9sence de Fall Khayar, Directeur g\u00e9n\u00e9ral du Budget, avec Mme Anta Ndiaw, repr\u00e9sentante r\u00e9sidente du fonds mon\u00e9taire international en Mauritanie, du programme de coop\u00e9ration existant entre les deux parties. La Mauritanie est engag\u00e9e avec le Fmi pour un programme de r\u00e9formes \u00e9conomiques &hellip;<\/p>\n","protected":false},"author":2,"featured_media":6902,"comment_status":"open","ping_status":"open","sticky":false,"template":"","format":"standard","meta":{"footnotes":""},"categories":[18,2],"tags":[],"class_list":["post-6901","post","type-post","status-publish","format-standard","has-post-thumbnail","hentry","category-actualites","category-economie"],"_links":{"self":[{"href":"https:\/\/ladepeche.mr\/index.php?rest_route=\/wp\/v2\/posts\/6901","targetHints":{"allow":["GET"]}}],"collection":[{"href":"https:\/\/ladepeche.mr\/index.php?rest_route=\/wp\/v2\/posts"}],"about":[{"href":"https:\/\/ladepeche.mr\/index.php?rest_route=\/wp\/v2\/types\/post"}],"author":[{"embeddable":true,"href":"https:\/\/ladepeche.mr\/index.php?rest_route=\/wp\/v2\/users\/2"}],"replies":[{"embeddable":true,"href":"https:\/\/ladepeche.mr\/index.php?rest_route=%2Fwp%2Fv2%2Fcomments&post=6901"}],"version-history":[{"count":1,"href":"https:\/\/ladepeche.mr\/index.php?rest_route=\/wp\/v2\/posts\/6901\/revisions"}],"predecessor-version":[{"id":6903,"href":"https:\/\/ladepeche.mr\/index.php?rest_route=\/wp\/v2\/posts\/6901\/revisions\/6903"}],"wp:featuredmedia":[{"embeddable":true,"href":"https:\/\/ladepeche.mr\/index.php?rest_route=\/wp\/v2\/media\/6902"}],"wp:attachment":[{"href":"https:\/\/ladepeche.mr\/index.php?rest_route=%2Fwp%2Fv2%2Fmedia&parent=6901"}],"wp:term":[{"taxonomy":"category","embeddable":true,"href":"https:\/\/ladepeche.mr\/index.php?rest_route=%2Fwp%2Fv2%2Fcategories&post=6901"},{"taxonomy":"post_tag","embeddable":true,"href":"https:\/\/ladepeche.mr\/index.php?rest_route=%2Fwp%2Fv2%2Ftags&post=6901"}],"curies":[{"name":"wp","href":"https:\/\/api.w.org\/{rel}","templated":true}]}}