{"id":6910,"date":"2023-09-02T13:05:27","date_gmt":"2023-09-02T13:05:27","guid":{"rendered":"https:\/\/ladepeche.mr\/?p=6910"},"modified":"2023-09-02T12:35:30","modified_gmt":"2023-09-02T12:35:30","slug":"mauritanie-chemal-fc-annonce-la-demission-de-son-directeur-sportif-et-son-entraineur","status":"publish","type":"post","link":"https:\/\/ladepeche.mr\/?p=6910","title":{"rendered":"Mauritanie : Chemal FC annonce la d\u00e9mission de son directeur sportif et son entra\u00eeneur"},"content":{"rendered":"<p>Alors que la nouvelle saison 23\/24 reprend ses droits \u00e0 la mi-septembre, tout ne se passe pas comme pr\u00e9vue \u00e0 Chemal FC. En effet, le club annonce la d\u00e9mission de son directeur sportif, Taleb Lemrabott et de son entra\u00eeneur principal, Bouh Lemrabott.<\/p>\n<p>La saison 23\/24 s\u2019annonce d\u00e9j\u00e0 trouble chez le surprenant 2\u00e8 de la derni\u00e8re \u00e9dition en Premier League Mauritanienne. Comme un effet de bombe, le promu 2021-2022 a annonc\u00e9 ce 1er septembre, la d\u00e9mission de son directeur sportif, Taleb Lemrabott et son entra\u00eeneur, Bouh Lemrabott.<\/p>\n<p>Sans donn\u00e9 les raisons de cette surprenante d\u00e9cision, Chemal FC souhaite bonne chance \u00e0 ses deux figures embl\u00e9matiques du club qui ont su hisser haut les couleurs dr cette formation Rouge et Verte. En attendant que les langues de d\u00e9lient et que les principaux int\u00e9ress\u00e9s se prononcent sur leur d\u00e9part du club, rappelons que Chemal FC lance sa saison le 15 septembre contre le r\u00e9cent 6\u00e8 du championnat mauritanien, Nouakchott King\u2019s.<br \/>\nhttps:\/\/africafootunited.com\/mauritanie-chemal-fc-annonce-la-demission-de-son-directeur-sportif-et-son-entraineur\/<\/p>\n","protected":false},"excerpt":{"rendered":"<p>Alors que la nouvelle saison 23\/24 reprend ses droits \u00e0 la mi-septembre, tout ne se passe pas comme pr\u00e9vue \u00e0 Chemal FC. En effet, le club annonce la d\u00e9mission de son directeur sportif, Taleb Lemrabott et de son entra\u00eeneur principal, Bouh Lemrabott. La saison 23\/24 s\u2019annonce d\u00e9j\u00e0 trouble chez le surprenant 2\u00e8 de la derni\u00e8re &hellip;<\/p>\n","protected":false},"author":2,"featured_media":6911,"comment_status":"open","ping_status":"open","sticky":false,"template":"","format":"standard","meta":{"footnotes":""},"categories":[18,17],"tags":[],"class_list":["post-6910","post","type-post","status-publish","format-standard","has-post-thumbnail","hentry","category-actualites","category-sports"],"_links":{"self":[{"href":"https:\/\/ladepeche.mr\/index.php?rest_route=\/wp\/v2\/posts\/6910","targetHints":{"allow":["GET"]}}],"collection":[{"href":"https:\/\/ladepeche.mr\/index.php?rest_route=\/wp\/v2\/posts"}],"about":[{"href":"https:\/\/ladepeche.mr\/index.php?rest_route=\/wp\/v2\/types\/post"}],"author":[{"embeddable":true,"href":"https:\/\/ladepeche.mr\/index.php?rest_route=\/wp\/v2\/users\/2"}],"replies":[{"embeddable":true,"href":"https:\/\/ladepeche.mr\/index.php?rest_route=%2Fwp%2Fv2%2Fcomments&post=6910"}],"version-history":[{"count":1,"href":"https:\/\/ladepeche.mr\/index.php?rest_route=\/wp\/v2\/posts\/6910\/revisions"}],"predecessor-version":[{"id":6912,"href":"https:\/\/ladepeche.mr\/index.php?rest_route=\/wp\/v2\/posts\/6910\/revisions\/6912"}],"wp:featuredmedia":[{"embeddable":true,"href":"https:\/\/ladepeche.mr\/index.php?rest_route=\/wp\/v2\/media\/6911"}],"wp:attachment":[{"href":"https:\/\/ladepeche.mr\/index.php?rest_route=%2Fwp%2Fv2%2Fmedia&parent=6910"}],"wp:term":[{"taxonomy":"category","embeddable":true,"href":"https:\/\/ladepeche.mr\/index.php?rest_route=%2Fwp%2Fv2%2Fcategories&post=6910"},{"taxonomy":"post_tag","embeddable":true,"href":"https:\/\/ladepeche.mr\/index.php?rest_route=%2Fwp%2Fv2%2Ftags&post=6910"}],"curies":[{"name":"wp","href":"https:\/\/api.w.org\/{rel}","templated":true}]}}