{"id":6923,"date":"2023-09-02T15:51:02","date_gmt":"2023-09-02T15:51:02","guid":{"rendered":"https:\/\/ladepeche.mr\/?p=6923"},"modified":"2023-09-02T13:53:56","modified_gmt":"2023-09-02T13:53:56","slug":"letat-du-senegal-demande-reparation-a-lopposant-ousmane-sonko-et-a-son-avocat-juan-branco","status":"publish","type":"post","link":"https:\/\/ladepeche.mr\/?p=6923","title":{"rendered":"L\u2019Etat du S\u00e9n\u00e9gal demande r\u00e9paration \u00e0 l\u2019opposant Ousmane Sonko et \u00e0 son avocat Juan Branco"},"content":{"rendered":"<p>L\u2019\u00e9valuation des dommages pr\u00e9sum\u00e9s n\u2019a pas \u00e9t\u00e9 pr\u00e9cis\u00e9e pour les pr\u00e9judices d\u2019\u00ab attaques et pillages des biens publics sur l\u2019ensemble du territoire national.<br \/>\nL\u2019Etat du S\u00e9n\u00e9gal va se constituer partie civile pour obtenir une indemnisation dans les proc\u00e9dures judiciaires ouvertes contre l\u2019opposant Ousmane Sonko et son conseil franco-espagnol Juan Branco, en lien avec de r\u00e9cents troubles dans le pays, ont annonc\u00e9, jeudi 24 ao\u00fbt, ses avocats.<\/p>\n<p>Vous pouvez partager un article en cliquant sur les ic\u00f4nes de partage en haut \u00e0 droite de celui-ci.<br \/>\nLa reproduction totale ou partielle d\u2019un article, sans l\u2019autorisation \u00e9crite et pr\u00e9alable du Monde, est strictement interdite.<br \/>\nPour plus d\u2019informations, consultez nos conditions g\u00e9n\u00e9rales de vente.<br \/>\nPour toute demande d\u2019autorisation, contactez syndication@lemonde.fr.<br \/>\nEn tant qu\u2019abonn\u00e9, vous pouvez offrir jusqu\u2019\u00e0 cinq articles par mois \u00e0 l\u2019un de vos proches gr\u00e2ce \u00e0 la fonctionnalit\u00e9 \u00ab Offrir un article \u00bb. <\/p>\n<p>https:\/\/www.lemonde.fr\/afrique\/article\/2023\/08\/25\/l-etat-du-senegal-demande-reparation-a-l-opposant-ousmane-sonko-et-a-son-avocat-juan-branco_6186516_3212.html<\/p>\n<p>\u00ab\u00a0L\u2019Etat a souffert des attaques et pillages des biens publics\u00a0\u00bb dans plusieurs domaines dont les transports et l\u2019eau, \u00ab\u00a0sur l\u2019ensemble du territoire national, en plus de pertes enregistr\u00e9es par le [secteur] priv\u00e9\u00a0\u00bb, a d\u00e9clar\u00e9 l\u2019une de ses avocats, Me Nd\u00e8ye Anta Mbaye. Il \u00ab\u00a0ne m\u00e9nagera aucun effort pour rendre effective la r\u00e9paration du pr\u00e9judice\u00a0\u00bb, a ajout\u00e9 Me Mbaye, lors d\u2019un point de presse \u00e0 Dakar. L\u2019\u00e9valuation des dommages pr\u00e9sum\u00e9s subis par l\u2019Etat n\u2019a pas \u00e9t\u00e9 pr\u00e9cis\u00e9e.<\/p>\n<p>Une constitution de partie civile, d\u00e9clar\u00e9e recevable par un tribunal, ouvre la voie \u00e0 d\u2019\u00e9ventuelles indemnisations pour les pr\u00e9judices subis. Celle de l\u2019Etat est diff\u00e9rente de l\u2019action publique ouverte par le parquet.<\/p>\n<p>Troubles rares<br \/>\nDepuis plus de deux ans, le S\u00e9n\u00e9gal conna\u00eet des troubles rares en raison du bras de fer dans lequel s\u2019affrontent le pouvoir et l\u2019opposant Sonko, \u00e9crou\u00e9 fin juillet sous diff\u00e9rents chefs d\u2019inculpation, dont \u00ab\u00a0appel \u00e0 l\u2019insurrection\u00a0\u00bb, \u00ab\u00a0association de malfaiteurs en lien avec une entreprise terroriste\u00a0\u00bb et \u00ab\u00a0atteinte \u00e0 la s\u00fbret\u00e9 de l\u2019Etat\u00a0\u00bb.<\/p>\n<p>M.\u00a0Sonko, candidat d\u00e9clar\u00e9 \u00e0 la pr\u00e9sidentielle de 2024, a \u00e9t\u00e9 condamn\u00e9 en appel \u00e0 six mois de prison avec sursis en mai pour diffamation contre un ministre, et \u00e0 deux ans de prison ferme en juin dans une affaire de m\u0153urs.<br \/>\nL\u2019opposant a commenc\u00e9 une gr\u00e8ve de la faim le 30 juillet. Il est hospitalis\u00e9 depuis le 6 ao\u00fbt et a \u00e9t\u00e9 admis la semaine pass\u00e9e en r\u00e9animation, selon ses avocats.<\/p>\n<p>L\u2019avocat Branco, qui d\u00e9fend Ousmane Sonko, a \u00e9t\u00e9 \u00e9crou\u00e9 d\u00e9but ao\u00fbt \u00e0 Dakar en lien avec ces troubles, plac\u00e9 sous contr\u00f4le judiciaire avant d\u2019\u00eatre expuls\u00e9 vers la France.<\/p>\n<p>Le Monde avec AFP<\/p>\n","protected":false},"excerpt":{"rendered":"<p>L\u2019\u00e9valuation des dommages pr\u00e9sum\u00e9s n\u2019a pas \u00e9t\u00e9 pr\u00e9cis\u00e9e pour les pr\u00e9judices d\u2019\u00ab attaques et pillages des biens publics sur l\u2019ensemble du territoire national. L\u2019Etat du S\u00e9n\u00e9gal va se constituer partie civile pour obtenir une indemnisation dans les proc\u00e9dures judiciaires ouvertes contre l\u2019opposant Ousmane Sonko et son conseil franco-espagnol Juan Branco, en lien avec de r\u00e9cents &hellip;<\/p>\n","protected":false},"author":2,"featured_media":6924,"comment_status":"open","ping_status":"open","sticky":false,"template":"","format":"standard","meta":{"footnotes":""},"categories":[18,29],"tags":[],"class_list":["post-6923","post","type-post","status-publish","format-standard","has-post-thumbnail","hentry","category-actualites","category-monde"],"_links":{"self":[{"href":"https:\/\/ladepeche.mr\/index.php?rest_route=\/wp\/v2\/posts\/6923","targetHints":{"allow":["GET"]}}],"collection":[{"href":"https:\/\/ladepeche.mr\/index.php?rest_route=\/wp\/v2\/posts"}],"about":[{"href":"https:\/\/ladepeche.mr\/index.php?rest_route=\/wp\/v2\/types\/post"}],"author":[{"embeddable":true,"href":"https:\/\/ladepeche.mr\/index.php?rest_route=\/wp\/v2\/users\/2"}],"replies":[{"embeddable":true,"href":"https:\/\/ladepeche.mr\/index.php?rest_route=%2Fwp%2Fv2%2Fcomments&post=6923"}],"version-history":[{"count":1,"href":"https:\/\/ladepeche.mr\/index.php?rest_route=\/wp\/v2\/posts\/6923\/revisions"}],"predecessor-version":[{"id":6925,"href":"https:\/\/ladepeche.mr\/index.php?rest_route=\/wp\/v2\/posts\/6923\/revisions\/6925"}],"wp:featuredmedia":[{"embeddable":true,"href":"https:\/\/ladepeche.mr\/index.php?rest_route=\/wp\/v2\/media\/6924"}],"wp:attachment":[{"href":"https:\/\/ladepeche.mr\/index.php?rest_route=%2Fwp%2Fv2%2Fmedia&parent=6923"}],"wp:term":[{"taxonomy":"category","embeddable":true,"href":"https:\/\/ladepeche.mr\/index.php?rest_route=%2Fwp%2Fv2%2Fcategories&post=6923"},{"taxonomy":"post_tag","embeddable":true,"href":"https:\/\/ladepeche.mr\/index.php?rest_route=%2Fwp%2Fv2%2Ftags&post=6923"}],"curies":[{"name":"wp","href":"https:\/\/api.w.org\/{rel}","templated":true}]}}