{"id":6926,"date":"2023-09-02T16:56:44","date_gmt":"2023-09-02T16:56:44","guid":{"rendered":"https:\/\/ladepeche.mr\/?p=6926"},"modified":"2023-09-02T13:58:17","modified_gmt":"2023-09-02T13:58:17","slug":"les-fpc-et-le-rag-reclament-leur-reconnaissance","status":"publish","type":"post","link":"https:\/\/ladepeche.mr\/?p=6926","title":{"rendered":"Politique: Les FPC et le RAG r\u00e9clament leur reconnaissance"},"content":{"rendered":"<p>Les forces progressistes du changement (FPC) et le Rassemblement pour une action globale (RAG) ont r\u00e9clam\u00e9 leur reconnaissance officielle par le minist\u00e8re de l\u2019int\u00e9rieur.<\/p>\n<p>Une revendication r\u00e9affirm\u00e9e ce jeudi 31 ao\u00fbt 2023, par leurs pr\u00e9sidents, respectivement Samba Thiam et Biram Dah Abeid, lors d\u2019une conf\u00e9rence de presse commune au si\u00e8ge du mouvement IRA.<\/p>\n<p>Au cours de cette rencontre avec les journalistes nationaux et internationaux, les deux responsables ont rappel\u00e9 avoir respect\u00e9 toutes les proc\u00e9dures administratives et effectu\u00e9 toutes les d\u00e9marches n\u00e9cessaires pour disposer de r\u00e9c\u00e9piss\u00e9s leur permettant de jouir, comme tous les autres partis politiques de la place, des droits li\u00e9s \u00e0 cette reconnaissance.<\/p>\n<p>Mais, affirment Samba Thiam et Biram Dah Abeid, &#8220;nous nous heurtons au refus injustifi\u00e9 des autorit\u00e9s administratives et des pr\u00e9sidents Aziz et Ghazwani. L\u2019un et l\u2019autre, \u00ab incarnation du syst\u00e8me qui r\u00e9gente le pays \u00bb justifient leur refus par des \u00ab arguments fallacieux&#8221;.<\/p>\n<p>Pour les FPC, ils continuent d\u2019arguer que cette formation politique vise \u00e0 \u00ab d\u00e9construire le syst\u00e8me qui les marginalise et les opprime \u00bb.<\/p>\n<p>On cherche toujours \u00e0 nous diaboliser, a d\u00e9nonc\u00e9 Samba Thiam qui rappelle : \u00ab Voil\u00e0 13 ans que nous attendons une reconnaissance par les pouvoirs publics, en vain, indique-t-il avant d&#8217;ajouter : \u00ab quand on pr\u00e9tend instaurer la d\u00e9mocratie, on doit accepter un d\u00e9bat contradictoire, un d\u00e9bat d\u2019id\u00e9es, non museler et\/ ou diaboliser des concurrents et acteurs politiques, octroyer des r\u00e9c\u00e9piss\u00e9s \u00e0 la t\u00eate du client \u00bb.<\/p>\n<p>Et Thiam de pr\u00e9ciser : \u00ab apr\u00e8s le refus du minist\u00e8re de l\u2019int\u00e9rieur, nous avons saisi la Cour Supr\u00eame et \u00e0 chaque fois que le dossier est inscrit au r\u00f4le pour \u00eatre jug\u00e9, on le reclasse, deux ou trois jours avant la date de l\u2019audience, cela dure depuis plus d\u2019une d\u00e9cennie, cela rel\u00e8ve du m\u00e9pris et viole les textes en vigueur.\u00bb<\/p>\n<p>Pour Biram Dah Abeid, &#8220;le syst\u00e8me en place cherche par tous les moyens \u00e0 diviser les mauritaniens et \u00e0 maintenir certains dans une sorte de &#8220;ghethoisiation&#8221;. On refuse de reconna\u00eetre le RAG parce qu\u2019il ne comporte pas toutes les communaut\u00e9s mauritaniennes&#8221;.<\/p>\n<p>Or indique Biram, \u00ab le RAG comprend les Haratine, les Pulaar, les Sonink\u00e9 et les Oulof \u00bb. Qu\u2019est-ce qui manque, s\u2019interroge-t-il ? Les Arabes, nous dit-on. Pourtant enfonce Biram, \u00ab les Haratine sont consid\u00e9r\u00e9s dans la cat\u00e9gorisation des pouvoirs comme \u00e9tant des arabes, ce que le RAG a respect\u00e9. Il appara\u00eet ici clairement, poursuit le pr\u00e9sident d\u2019IRA, qu\u2019on utilise les Haratine, quand \u00e7a arrange la minorit\u00e9 maure et on les rejette quand il s\u2019agit de leur permettre de jouir d\u2019un droit que leur reconna\u00eet la Constitution \u00bb.<\/p>\n<p>Biram a racont\u00e9 toutes les p\u00e9rip\u00e9ties autour de la reconnaissance du RAG, les promesses non tenues, avec l\u2019ancien pr\u00e9sident Aziz et son successeur, Ghazwani.<\/p>\n<p>Pour les deux pr\u00e9sidents, les FPC et le RAG sont des partis \u00ab ostracis\u00e9s, communautaris\u00e9s \u00bb sinon, pourquoi beaucoup d\u2019autres partis politiques, moins importants pour ne pas dire des partis \u00ab cartables \u00bb ont \u00e9t\u00e9 reconnus apr\u00e8s nous, et plus grave, le minist\u00e8re de l\u2019int\u00e9rieur a d\u00e9cid\u00e9, au lendemain des derni\u00e8res \u00e9lections locales de surseoir \u00e0 la dissolution de partis politiques n\u2019ayant pas obtenu 1% des suffrages lors de deux \u00e9lections successives, parce que tout simplement, ils sont ses clients.<\/p>\n<p>Plus grave, s\u2019indignent Thiam et Biram, le tout puissant minist\u00e8re de l\u2019int\u00e9rieur s\u2019appr\u00eate \u00e0 convoquer une r\u00e9union des partis politiques pour leur demander de choisir entre la cr\u00e9ation de nouveaux partis politiques ou le maintien du nombre actuel.<\/p>\n<p>Depuis quand des partis politiques disposeraient-ils de la vie ou de la mort d\u2019autres formations politiques, se sont interrog\u00e9s le pr\u00e9sident des FPC et celui du RAG. Et de conclure: \u00ab nous avons appris de sources fond\u00e9es que le mot d\u2019autre des autorit\u00e9s est : tout sauf IRA et FPC. Pour autant affirment les responsables des deux partis, nous n\u2019allons pas baisser les bras, nous continuerons \u00e0 r\u00e9clamer la reconnaissance de nos parts, parce que c\u2019est un droit l\u00e9gitime. \u00bb<\/p>\n<p>C&#8217;est dire qu&#8217;ils restent vigilants sur cette menace qui proviendrait du minist\u00e8re de l&#8217;int\u00e9rieur.<\/p>\n<p>Le Calame<\/p>\n","protected":false},"excerpt":{"rendered":"<p>Les forces progressistes du changement (FPC) et le Rassemblement pour une action globale (RAG) ont r\u00e9clam\u00e9 leur reconnaissance officielle par le minist\u00e8re de l\u2019int\u00e9rieur. Une revendication r\u00e9affirm\u00e9e ce jeudi 31 ao\u00fbt 2023, par leurs pr\u00e9sidents, respectivement Samba Thiam et Biram Dah Abeid, lors d\u2019une conf\u00e9rence de presse commune au si\u00e8ge du mouvement IRA. Au cours &hellip;<\/p>\n","protected":false},"author":2,"featured_media":6927,"comment_status":"open","ping_status":"open","sticky":false,"template":"","format":"standard","meta":{"footnotes":""},"categories":[18],"tags":[],"class_list":["post-6926","post","type-post","status-publish","format-standard","has-post-thumbnail","hentry","category-actualites"],"_links":{"self":[{"href":"https:\/\/ladepeche.mr\/index.php?rest_route=\/wp\/v2\/posts\/6926","targetHints":{"allow":["GET"]}}],"collection":[{"href":"https:\/\/ladepeche.mr\/index.php?rest_route=\/wp\/v2\/posts"}],"about":[{"href":"https:\/\/ladepeche.mr\/index.php?rest_route=\/wp\/v2\/types\/post"}],"author":[{"embeddable":true,"href":"https:\/\/ladepeche.mr\/index.php?rest_route=\/wp\/v2\/users\/2"}],"replies":[{"embeddable":true,"href":"https:\/\/ladepeche.mr\/index.php?rest_route=%2Fwp%2Fv2%2Fcomments&post=6926"}],"version-history":[{"count":2,"href":"https:\/\/ladepeche.mr\/index.php?rest_route=\/wp\/v2\/posts\/6926\/revisions"}],"predecessor-version":[{"id":6929,"href":"https:\/\/ladepeche.mr\/index.php?rest_route=\/wp\/v2\/posts\/6926\/revisions\/6929"}],"wp:featuredmedia":[{"embeddable":true,"href":"https:\/\/ladepeche.mr\/index.php?rest_route=\/wp\/v2\/media\/6927"}],"wp:attachment":[{"href":"https:\/\/ladepeche.mr\/index.php?rest_route=%2Fwp%2Fv2%2Fmedia&parent=6926"}],"wp:term":[{"taxonomy":"category","embeddable":true,"href":"https:\/\/ladepeche.mr\/index.php?rest_route=%2Fwp%2Fv2%2Fcategories&post=6926"},{"taxonomy":"post_tag","embeddable":true,"href":"https:\/\/ladepeche.mr\/index.php?rest_route=%2Fwp%2Fv2%2Ftags&post=6926"}],"curies":[{"name":"wp","href":"https:\/\/api.w.org\/{rel}","templated":true}]}}