{"id":6931,"date":"2023-09-03T11:07:27","date_gmt":"2023-09-03T11:07:27","guid":{"rendered":"https:\/\/ladepeche.mr\/?p=6931"},"modified":"2023-09-03T11:07:27","modified_gmt":"2023-09-03T11:07:27","slug":"mauritanie-sante-deux-morts-a-lebheir-des-suites-dune-fievre-hemorragique","status":"publish","type":"post","link":"https:\/\/ladepeche.mr\/?p=6931","title":{"rendered":"Mauritanie-Sant\u00e9 : Deux morts \u00e0 Lebheir des suites d\u2019une fi\u00e8vre h\u00e9morragique"},"content":{"rendered":"<p>Deux personnes sont d\u00e9c\u00e9d\u00e9es vendredi 01 septembre 2023 \u00e0 Kiffa des suites d\u2019une fi\u00e8vre h\u00e9morragique indique dans une note d\u2019information le minist\u00e8re mauritanien de la sant\u00e9.<br \/>\nLes deux personnes \u00e9taient arriv\u00e9es le m\u00eame jour en provenance de la localit\u00e9 de Lebheir relevant de la moughataa de Bark\u00e9ol.<br \/>\nLe ministre de la sant\u00e9 indique qu\u2019\u00e0 la suite des analyses ayant conclu \u00e0 une fi\u00e8vre h\u00e9morragique, une \u00e9quipe m\u00e9dicale a \u00e9t\u00e9 d\u00e9p\u00each\u00e9e sur les lieux \u00e0 Lebheir pour s\u2019enqu\u00e9rir de la situation au sein de cette famille. Les pr\u00e9l\u00e8vements op\u00e9r\u00e9s parmi les personnes c\u00f4toyant les deux victimes seraient n\u00e9gatifs.<br \/>\nLe minist\u00e8re a enfin instruit les structures de sant\u00e9 \u00e0 plus grande vigilance \u00e0 propos du d\u00e9pistage \u00e9ventuel de nouveaux cas.<\/p>\n","protected":false},"excerpt":{"rendered":"<p>Deux personnes sont d\u00e9c\u00e9d\u00e9es vendredi 01 septembre 2023 \u00e0 Kiffa des suites d\u2019une fi\u00e8vre h\u00e9morragique indique dans une note d\u2019information le minist\u00e8re mauritanien de la sant\u00e9. Les deux personnes \u00e9taient arriv\u00e9es le m\u00eame jour en provenance de la localit\u00e9 de Lebheir relevant de la moughataa de Bark\u00e9ol. Le ministre de la sant\u00e9 indique qu\u2019\u00e0 la &hellip;<\/p>\n","protected":false},"author":2,"featured_media":4429,"comment_status":"open","ping_status":"open","sticky":false,"template":"","format":"standard","meta":{"footnotes":""},"categories":[18,27],"tags":[],"class_list":["post-6931","post","type-post","status-publish","format-standard","has-post-thumbnail","hentry","category-actualites","category-sante"],"_links":{"self":[{"href":"https:\/\/ladepeche.mr\/index.php?rest_route=\/wp\/v2\/posts\/6931","targetHints":{"allow":["GET"]}}],"collection":[{"href":"https:\/\/ladepeche.mr\/index.php?rest_route=\/wp\/v2\/posts"}],"about":[{"href":"https:\/\/ladepeche.mr\/index.php?rest_route=\/wp\/v2\/types\/post"}],"author":[{"embeddable":true,"href":"https:\/\/ladepeche.mr\/index.php?rest_route=\/wp\/v2\/users\/2"}],"replies":[{"embeddable":true,"href":"https:\/\/ladepeche.mr\/index.php?rest_route=%2Fwp%2Fv2%2Fcomments&post=6931"}],"version-history":[{"count":1,"href":"https:\/\/ladepeche.mr\/index.php?rest_route=\/wp\/v2\/posts\/6931\/revisions"}],"predecessor-version":[{"id":6932,"href":"https:\/\/ladepeche.mr\/index.php?rest_route=\/wp\/v2\/posts\/6931\/revisions\/6932"}],"wp:featuredmedia":[{"embeddable":true,"href":"https:\/\/ladepeche.mr\/index.php?rest_route=\/wp\/v2\/media\/4429"}],"wp:attachment":[{"href":"https:\/\/ladepeche.mr\/index.php?rest_route=%2Fwp%2Fv2%2Fmedia&parent=6931"}],"wp:term":[{"taxonomy":"category","embeddable":true,"href":"https:\/\/ladepeche.mr\/index.php?rest_route=%2Fwp%2Fv2%2Fcategories&post=6931"},{"taxonomy":"post_tag","embeddable":true,"href":"https:\/\/ladepeche.mr\/index.php?rest_route=%2Fwp%2Fv2%2Ftags&post=6931"}],"curies":[{"name":"wp","href":"https:\/\/api.w.org\/{rel}","templated":true}]}}