{"id":6934,"date":"2023-09-03T12:25:09","date_gmt":"2023-09-03T12:25:09","guid":{"rendered":"https:\/\/ladepeche.mr\/?p=6934"},"modified":"2023-09-03T12:25:09","modified_gmt":"2023-09-03T12:25:09","slug":"maroc-incident-en-mer-a-oujda-ouverture-dune-enquete-judiciaire-parquet","status":"publish","type":"post","link":"https:\/\/ladepeche.mr\/?p=6934","title":{"rendered":"Maroc\/ Incident en mer \u00e0 Oujda : Ouverture d&#8217;une enqu\u00eate judiciaire (Parquet)"},"content":{"rendered":"<p>Le parquet de la ville d\u2019Oujda (nord-est) a ordonn\u00e9, le 29 ao\u00fbt courant, l&#8217;ouverture d&#8217;une enqu\u00eate sur la base des d\u00e9clarations d&#8217;une personne affirmant avoir \u00e9t\u00e9 victime, avec 4 autres jeunes personnes, d&#8217;un incident violent en mer, indique une source judiciaire \u00e0 l\u2019agence de presse marocaine MAP.<\/p>\n<p>Selon la m\u00eame source, les cinq personnes, qui \u00e9taient \u00e0 bord de jet-skis, se seraient \u00e9gar\u00e9s en mer lors d&#8217;une sortie de loisir. Le parquet a aussi donn\u00e9 ses instructions \u00e0 la Gendarmerie Royale d\u2019Oujda pour recueillir les informations n\u00e9cessaires sur les circonstances dudit incident, ajoute-t-on. <\/p>\n<p>Dans le cadre des investigations qui se poursuivent, plusieurs personnes faisant partie des familles et\/ou entourage de ce groupe de jeunes ont \u00e9t\u00e9 auditionn\u00e9es.<br \/>\n(m\u00e9dias)<\/p>\n","protected":false},"excerpt":{"rendered":"<p>Le parquet de la ville d\u2019Oujda (nord-est) a ordonn\u00e9, le 29 ao\u00fbt courant, l&#8217;ouverture d&#8217;une enqu\u00eate sur la base des d\u00e9clarations d&#8217;une personne affirmant avoir \u00e9t\u00e9 victime, avec 4 autres jeunes personnes, d&#8217;un incident violent en mer, indique une source judiciaire \u00e0 l\u2019agence de presse marocaine MAP. Selon la m\u00eame source, les cinq personnes, qui &hellip;<\/p>\n","protected":false},"author":2,"featured_media":6935,"comment_status":"open","ping_status":"open","sticky":false,"template":"","format":"standard","meta":{"footnotes":""},"categories":[18,29],"tags":[],"class_list":["post-6934","post","type-post","status-publish","format-standard","has-post-thumbnail","hentry","category-actualites","category-monde"],"_links":{"self":[{"href":"https:\/\/ladepeche.mr\/index.php?rest_route=\/wp\/v2\/posts\/6934","targetHints":{"allow":["GET"]}}],"collection":[{"href":"https:\/\/ladepeche.mr\/index.php?rest_route=\/wp\/v2\/posts"}],"about":[{"href":"https:\/\/ladepeche.mr\/index.php?rest_route=\/wp\/v2\/types\/post"}],"author":[{"embeddable":true,"href":"https:\/\/ladepeche.mr\/index.php?rest_route=\/wp\/v2\/users\/2"}],"replies":[{"embeddable":true,"href":"https:\/\/ladepeche.mr\/index.php?rest_route=%2Fwp%2Fv2%2Fcomments&post=6934"}],"version-history":[{"count":1,"href":"https:\/\/ladepeche.mr\/index.php?rest_route=\/wp\/v2\/posts\/6934\/revisions"}],"predecessor-version":[{"id":6936,"href":"https:\/\/ladepeche.mr\/index.php?rest_route=\/wp\/v2\/posts\/6934\/revisions\/6936"}],"wp:featuredmedia":[{"embeddable":true,"href":"https:\/\/ladepeche.mr\/index.php?rest_route=\/wp\/v2\/media\/6935"}],"wp:attachment":[{"href":"https:\/\/ladepeche.mr\/index.php?rest_route=%2Fwp%2Fv2%2Fmedia&parent=6934"}],"wp:term":[{"taxonomy":"category","embeddable":true,"href":"https:\/\/ladepeche.mr\/index.php?rest_route=%2Fwp%2Fv2%2Fcategories&post=6934"},{"taxonomy":"post_tag","embeddable":true,"href":"https:\/\/ladepeche.mr\/index.php?rest_route=%2Fwp%2Fv2%2Ftags&post=6934"}],"curies":[{"name":"wp","href":"https:\/\/api.w.org\/{rel}","templated":true}]}}