{"id":6938,"date":"2023-09-05T22:00:24","date_gmt":"2023-09-05T22:00:24","guid":{"rendered":"https:\/\/ladepeche.mr\/?p=6938"},"modified":"2023-09-05T22:00:24","modified_gmt":"2023-09-05T22:00:24","slug":"notre-pays-participe-a-louverture-du-premier-sommet-africain-sur-le-climat-au-niveau-des-chefs-detat","status":"publish","type":"post","link":"https:\/\/ladepeche.mr\/?p=6938","title":{"rendered":"Notre pays participe \u00e0 l&#8217;ouverture du premier Sommet africain sur le climat au niveau des chefs d&#8217;\u00c9tat."},"content":{"rendered":"<p>Son Excellence le ministre de l&#8217;\u00c9conomie et du D\u00e9veloppement durable,  M. Abdessalam Ould Mohamed Saleh, a particip\u00e9 aujourd&#8217;hui, mardi, \u00e0 la t\u00eate d&#8217;une d\u00e9l\u00e9gation de haut niveau, aux activit\u00e9s d&#8217;ouverture du premier Sommet africain sur le climat au niveau des chefs d&#8217;\u00c9tat et de gouvernement participants \u00e0 ce sommet, en sa qualit\u00e9 de repr\u00e9sentant de Son Excellence le Pr\u00e9sident de la R\u00e9publique, Monsieur Mohamed Ould Cheikh El Ghazouani.<\/p>\n<p>L&#8217;ouverture du sommet a \u00e9t\u00e9 marqu\u00e9e par des discours de nombreux dirigeants africains et d&#8217;organisations internationales, o\u00f9 les intervenants ont convenu de l&#8217;importance d&#8217;augmenter les investissements dans le domaine de l&#8217;\u00e9nergie propre et de les distribuer de mani\u00e8re plus \u00e9quitable entre les pays du continent, qui sont les plus touch\u00e9s par les changements climatiques, bien qu&#8217;ils contribuent le moins \u00e0 ces dommages.<\/p>\n<p>Les participants ont \u00e9galement appel\u00e9 \u00e0 r\u00e9former le syst\u00e8me financier international pour all\u00e9ger le fardeau de la dette qui p\u00e8se sur les pays africains et les emp\u00eache de d\u00e9velopper leur potentiel unique dans le domaine des \u00e9nergies renouvelables.<\/p>\n<p>Aux c\u00f4t\u00e9s de Son Excellence le ministre, la d\u00e9l\u00e9gation comprenait notre ambassadrice aupr\u00e8s de l&#8217;Union africaine, SEM. Khadija Mint Mbarak Fall, ainsi que plusieurs cadres des minist\u00e8res de l&#8217;\u00c9conomie et du D\u00e9veloppement durable, de l&#8217;\u00c9nergie et des Mines, et de l&#8217;Environnement.<br \/>\nMEcDD<\/p>\n","protected":false},"excerpt":{"rendered":"<p>Son Excellence le ministre de l&#8217;\u00c9conomie et du D\u00e9veloppement durable, M. Abdessalam Ould Mohamed Saleh, a particip\u00e9 aujourd&#8217;hui, mardi, \u00e0 la t\u00eate d&#8217;une d\u00e9l\u00e9gation de haut niveau, aux activit\u00e9s d&#8217;ouverture du premier Sommet africain sur le climat au niveau des chefs d&#8217;\u00c9tat et de gouvernement participants \u00e0 ce sommet, en sa qualit\u00e9 de repr\u00e9sentant de &hellip;<\/p>\n","protected":false},"author":2,"featured_media":6939,"comment_status":"open","ping_status":"open","sticky":false,"template":"","format":"standard","meta":{"footnotes":""},"categories":[18,2,29],"tags":[],"class_list":["post-6938","post","type-post","status-publish","format-standard","has-post-thumbnail","hentry","category-actualites","category-economie","category-monde"],"_links":{"self":[{"href":"https:\/\/ladepeche.mr\/index.php?rest_route=\/wp\/v2\/posts\/6938","targetHints":{"allow":["GET"]}}],"collection":[{"href":"https:\/\/ladepeche.mr\/index.php?rest_route=\/wp\/v2\/posts"}],"about":[{"href":"https:\/\/ladepeche.mr\/index.php?rest_route=\/wp\/v2\/types\/post"}],"author":[{"embeddable":true,"href":"https:\/\/ladepeche.mr\/index.php?rest_route=\/wp\/v2\/users\/2"}],"replies":[{"embeddable":true,"href":"https:\/\/ladepeche.mr\/index.php?rest_route=%2Fwp%2Fv2%2Fcomments&post=6938"}],"version-history":[{"count":1,"href":"https:\/\/ladepeche.mr\/index.php?rest_route=\/wp\/v2\/posts\/6938\/revisions"}],"predecessor-version":[{"id":6940,"href":"https:\/\/ladepeche.mr\/index.php?rest_route=\/wp\/v2\/posts\/6938\/revisions\/6940"}],"wp:featuredmedia":[{"embeddable":true,"href":"https:\/\/ladepeche.mr\/index.php?rest_route=\/wp\/v2\/media\/6939"}],"wp:attachment":[{"href":"https:\/\/ladepeche.mr\/index.php?rest_route=%2Fwp%2Fv2%2Fmedia&parent=6938"}],"wp:term":[{"taxonomy":"category","embeddable":true,"href":"https:\/\/ladepeche.mr\/index.php?rest_route=%2Fwp%2Fv2%2Fcategories&post=6938"},{"taxonomy":"post_tag","embeddable":true,"href":"https:\/\/ladepeche.mr\/index.php?rest_route=%2Fwp%2Fv2%2Ftags&post=6938"}],"curies":[{"name":"wp","href":"https:\/\/api.w.org\/{rel}","templated":true}]}}