{"id":6995,"date":"2023-09-07T10:00:20","date_gmt":"2023-09-07T10:00:20","guid":{"rendered":"https:\/\/ladepeche.mr\/?p=6995"},"modified":"2023-09-07T09:27:38","modified_gmt":"2023-09-07T09:27:38","slug":"visite-surprise-dans-les-services-durgence-de-la-ministre-de-la-sante-naha-mint-mouknass","status":"publish","type":"post","link":"https:\/\/ladepeche.mr\/?p=6995","title":{"rendered":"Visite surprise dans les services d&#8217;urgence de la ministre de la sant\u00e9, Naha Mint Mouknass"},"content":{"rendered":"<p>La ministre de la Sant\u00e9, Mme. Naha Hamdy Mouknass, a effectu\u00e9 une visite inopin\u00e9e ce soir aux services des urgences des h\u00f4pitaux Nationaux \u00e0 Nouakchott, notamment le Centre Hospitalier national, le Centre traumatologie d&#8217;orthop\u00e9die , le Centre hospitalier M\u00e8re et enfant, le Centre hospitalier Cheikh Zayed et l&#8217;h\u00f4pital de l&#8217;Amiti\u00e9.<br \/>\nAu cours de sa visite aux diff\u00e9rents services d&#8217;urgence relevant de ces h\u00f4pitaux, Son Excellence la ministre s&#8217;est inform\u00e9e sur les services offerts, les conditions d&#8217;accueil et de r\u00e9servation, ainsi que les principaux obstacles et aspects \u00e0 am\u00e9liorer. Elle a \u00e9galement \u00e9cout\u00e9 les dol\u00e9ances des citoyens et leurs observations, discutant avec eux de diverses sujets soulev\u00e9es.<br \/>\nPar ailleurs, Son Excellence la ministre a r\u00e9affirm\u00e9 sur son engagement \u00e0 am\u00e9liorer les services au niveau des urgences, en mettant l&#8217;accent sur la n\u00e9cessit\u00e9 d&#8217;une permanence r\u00e9guli\u00e8re dans ces unit\u00e9s vitales et sensibles, afin que chaque patient re\u00e7oive la r\u00e9ception appropri\u00e9e, les soins de qualit\u00e9 et les traitements n\u00e9cessaires \u00e0 son \u00e9tat.<br \/>\nApr\u00e8s plusieurs semaines \u00e0 la t\u00eate du D\u00e9partement de la sant\u00e9, Son Excellence la ministre a \u00e9mis des directives pour diagnostiquer la situation des urgences, identifier les principaux obstacles et probl\u00e8mes entravant leur am\u00e9lioration et ce, en fonction des sp\u00e9cificit\u00e9s de chaque structure.<br \/>\nCe travail d&#8217;am\u00e9lioration doit d\u00e9buter en premier lieu \u00e0 Nouakchott, puis sera progressivement g\u00e9n\u00e9ralis\u00e9 \u00e0 l&#8217;int\u00e9rieur du pays en seconde lieu. Une s\u00e9rie de r\u00e9unions entre le comit\u00e9 charg\u00e9 de coordonner ce travail et les directeurs d&#8217;h\u00f4pitaux des trois wilayas de Nouakchott, a \u00e9t\u00e9 organis\u00e9e pour mettre en \u0153uvre cette initiative.<br \/>\nSource Minist\u00e8re<\/p>\n","protected":false},"excerpt":{"rendered":"<p>La ministre de la Sant\u00e9, Mme. Naha Hamdy Mouknass, a effectu\u00e9 une visite inopin\u00e9e ce soir aux services des urgences des h\u00f4pitaux Nationaux \u00e0 Nouakchott, notamment le Centre Hospitalier national, le Centre traumatologie d&#8217;orthop\u00e9die , le Centre hospitalier M\u00e8re et enfant, le Centre hospitalier Cheikh Zayed et l&#8217;h\u00f4pital de l&#8217;Amiti\u00e9. Au cours de sa visite &hellip;<\/p>\n","protected":false},"author":2,"featured_media":6993,"comment_status":"open","ping_status":"open","sticky":false,"template":"","format":"standard","meta":{"footnotes":""},"categories":[18,27],"tags":[],"class_list":["post-6995","post","type-post","status-publish","format-standard","has-post-thumbnail","hentry","category-actualites","category-sante"],"_links":{"self":[{"href":"https:\/\/ladepeche.mr\/index.php?rest_route=\/wp\/v2\/posts\/6995","targetHints":{"allow":["GET"]}}],"collection":[{"href":"https:\/\/ladepeche.mr\/index.php?rest_route=\/wp\/v2\/posts"}],"about":[{"href":"https:\/\/ladepeche.mr\/index.php?rest_route=\/wp\/v2\/types\/post"}],"author":[{"embeddable":true,"href":"https:\/\/ladepeche.mr\/index.php?rest_route=\/wp\/v2\/users\/2"}],"replies":[{"embeddable":true,"href":"https:\/\/ladepeche.mr\/index.php?rest_route=%2Fwp%2Fv2%2Fcomments&post=6995"}],"version-history":[{"count":2,"href":"https:\/\/ladepeche.mr\/index.php?rest_route=\/wp\/v2\/posts\/6995\/revisions"}],"predecessor-version":[{"id":6997,"href":"https:\/\/ladepeche.mr\/index.php?rest_route=\/wp\/v2\/posts\/6995\/revisions\/6997"}],"wp:featuredmedia":[{"embeddable":true,"href":"https:\/\/ladepeche.mr\/index.php?rest_route=\/wp\/v2\/media\/6993"}],"wp:attachment":[{"href":"https:\/\/ladepeche.mr\/index.php?rest_route=%2Fwp%2Fv2%2Fmedia&parent=6995"}],"wp:term":[{"taxonomy":"category","embeddable":true,"href":"https:\/\/ladepeche.mr\/index.php?rest_route=%2Fwp%2Fv2%2Fcategories&post=6995"},{"taxonomy":"post_tag","embeddable":true,"href":"https:\/\/ladepeche.mr\/index.php?rest_route=%2Fwp%2Fv2%2Ftags&post=6995"}],"curies":[{"name":"wp","href":"https:\/\/api.w.org\/{rel}","templated":true}]}}