{"id":7003,"date":"2023-09-07T13:48:53","date_gmt":"2023-09-07T13:48:53","guid":{"rendered":"https:\/\/ladepeche.mr\/?p=7003"},"modified":"2023-09-07T13:50:30","modified_gmt":"2023-09-07T13:50:30","slug":"crise-de-leau-les-sanction-collective-a-la-snde-a-nouadhibou","status":"publish","type":"post","link":"https:\/\/ladepeche.mr\/?p=7003","title":{"rendered":"Crise de l\u2019eau: Sanctions collectives \u00e0 la SNDE \u00e0 Nouadhibou"},"content":{"rendered":"<p>Trois directeurs et plusieurs autres employ\u00e9s subalternes ont \u00e9t\u00e9 cong\u00e9di\u00e9s pour soup\u00e7on de malversations suite \u00e0 une enqu\u00eate diligent\u00e9e par le d\u00e9partement dans notre capitale \u00e9conomique.<br \/>\nSelon certaines sources, les personnes d\u00e9mises de leurs postes seraient impliqu\u00e9es dans une affaire de fraude et de d\u00e9tournement d\u2019affectations de ressources en eau.<br \/>\nCes mesures font suite aux injonctions faites par le pr\u00e9sident \u00e0 trouver des solutions idoines aux p\u00e9nuries d\u2019eau.<br \/>\nA noter qu\u2019une premi\u00e8re sanction avait concern\u00e9 le DG de la SNDE, suite \u00e0 une crise d\u2019eau similaire \u00e0 Nouakchott.<\/p>\n","protected":false},"excerpt":{"rendered":"<p>Trois directeurs et plusieurs autres employ\u00e9s subalternes ont \u00e9t\u00e9 cong\u00e9di\u00e9s pour soup\u00e7on de malversations suite \u00e0 une enqu\u00eate diligent\u00e9e par le d\u00e9partement dans notre capitale \u00e9conomique. Selon certaines sources, les personnes d\u00e9mises de leurs postes seraient impliqu\u00e9es dans une affaire de fraude et de d\u00e9tournement d\u2019affectations de ressources en eau. Ces mesures font suite aux &hellip;<\/p>\n","protected":false},"author":2,"featured_media":6775,"comment_status":"open","ping_status":"open","sticky":false,"template":"","format":"standard","meta":{"footnotes":""},"categories":[18,2],"tags":[],"class_list":["post-7003","post","type-post","status-publish","format-standard","has-post-thumbnail","hentry","category-actualites","category-economie"],"_links":{"self":[{"href":"https:\/\/ladepeche.mr\/index.php?rest_route=\/wp\/v2\/posts\/7003","targetHints":{"allow":["GET"]}}],"collection":[{"href":"https:\/\/ladepeche.mr\/index.php?rest_route=\/wp\/v2\/posts"}],"about":[{"href":"https:\/\/ladepeche.mr\/index.php?rest_route=\/wp\/v2\/types\/post"}],"author":[{"embeddable":true,"href":"https:\/\/ladepeche.mr\/index.php?rest_route=\/wp\/v2\/users\/2"}],"replies":[{"embeddable":true,"href":"https:\/\/ladepeche.mr\/index.php?rest_route=%2Fwp%2Fv2%2Fcomments&post=7003"}],"version-history":[{"count":3,"href":"https:\/\/ladepeche.mr\/index.php?rest_route=\/wp\/v2\/posts\/7003\/revisions"}],"predecessor-version":[{"id":7006,"href":"https:\/\/ladepeche.mr\/index.php?rest_route=\/wp\/v2\/posts\/7003\/revisions\/7006"}],"wp:featuredmedia":[{"embeddable":true,"href":"https:\/\/ladepeche.mr\/index.php?rest_route=\/wp\/v2\/media\/6775"}],"wp:attachment":[{"href":"https:\/\/ladepeche.mr\/index.php?rest_route=%2Fwp%2Fv2%2Fmedia&parent=7003"}],"wp:term":[{"taxonomy":"category","embeddable":true,"href":"https:\/\/ladepeche.mr\/index.php?rest_route=%2Fwp%2Fv2%2Fcategories&post=7003"},{"taxonomy":"post_tag","embeddable":true,"href":"https:\/\/ladepeche.mr\/index.php?rest_route=%2Fwp%2Fv2%2Ftags&post=7003"}],"curies":[{"name":"wp","href":"https:\/\/api.w.org\/{rel}","templated":true}]}}