{"id":7007,"date":"2023-09-07T16:50:00","date_gmt":"2023-09-07T16:50:00","guid":{"rendered":"https:\/\/ladepeche.mr\/?p=7007"},"modified":"2023-09-07T16:50:00","modified_gmt":"2023-09-07T16:50:00","slug":"les-deputes-biram-dah-abeid-et-mariem-cheikh-samba-dieng-recoivent-lambassadeur-de-france","status":"publish","type":"post","link":"https:\/\/ladepeche.mr\/?p=7007","title":{"rendered":"Les d\u00e9put\u00e9s Biram Dah Abeid et Mariem Cheikh Samba Dieng re\u00e7oivent l\u2019ambassadeur de France"},"content":{"rendered":"<p>Le jeudi 7 septembre 2023, les honorables d\u00e9put\u00e9s Biram Dah Abeid et Mariem Cheikh Samba Dieng, ont accueillit dans leurs bureaux \u00e0 l\u2019assembl\u00e9e nationale \u00e0 Nouakchott, son Exellence Alexandre Garcia en compagnie de son Exellence G\u00e9rard Cairet, conseiller. Les \u00e9changes se sont pass\u00e9s dans un climat d\u2019ouverture et de cordialit\u00e9.<br \/>\nLes services de communication du d\u00e9put\u00e9 Biram Dah Abeid<\/p>\n","protected":false},"excerpt":{"rendered":"<p>Le jeudi 7 septembre 2023, les honorables d\u00e9put\u00e9s Biram Dah Abeid et Mariem Cheikh Samba Dieng, ont accueillit dans leurs bureaux \u00e0 l\u2019assembl\u00e9e nationale \u00e0 Nouakchott, son Exellence Alexandre Garcia en compagnie de son Exellence G\u00e9rard Cairet, conseiller. Les \u00e9changes se sont pass\u00e9s dans un climat d\u2019ouverture et de cordialit\u00e9. Les services de communication du &hellip;<\/p>\n","protected":false},"author":2,"featured_media":7008,"comment_status":"open","ping_status":"open","sticky":false,"template":"","format":"standard","meta":{"footnotes":""},"categories":[18],"tags":[],"class_list":["post-7007","post","type-post","status-publish","format-standard","has-post-thumbnail","hentry","category-actualites"],"_links":{"self":[{"href":"https:\/\/ladepeche.mr\/index.php?rest_route=\/wp\/v2\/posts\/7007","targetHints":{"allow":["GET"]}}],"collection":[{"href":"https:\/\/ladepeche.mr\/index.php?rest_route=\/wp\/v2\/posts"}],"about":[{"href":"https:\/\/ladepeche.mr\/index.php?rest_route=\/wp\/v2\/types\/post"}],"author":[{"embeddable":true,"href":"https:\/\/ladepeche.mr\/index.php?rest_route=\/wp\/v2\/users\/2"}],"replies":[{"embeddable":true,"href":"https:\/\/ladepeche.mr\/index.php?rest_route=%2Fwp%2Fv2%2Fcomments&post=7007"}],"version-history":[{"count":1,"href":"https:\/\/ladepeche.mr\/index.php?rest_route=\/wp\/v2\/posts\/7007\/revisions"}],"predecessor-version":[{"id":7009,"href":"https:\/\/ladepeche.mr\/index.php?rest_route=\/wp\/v2\/posts\/7007\/revisions\/7009"}],"wp:featuredmedia":[{"embeddable":true,"href":"https:\/\/ladepeche.mr\/index.php?rest_route=\/wp\/v2\/media\/7008"}],"wp:attachment":[{"href":"https:\/\/ladepeche.mr\/index.php?rest_route=%2Fwp%2Fv2%2Fmedia&parent=7007"}],"wp:term":[{"taxonomy":"category","embeddable":true,"href":"https:\/\/ladepeche.mr\/index.php?rest_route=%2Fwp%2Fv2%2Fcategories&post=7007"},{"taxonomy":"post_tag","embeddable":true,"href":"https:\/\/ladepeche.mr\/index.php?rest_route=%2Fwp%2Fv2%2Ftags&post=7007"}],"curies":[{"name":"wp","href":"https:\/\/api.w.org\/{rel}","templated":true}]}}