{"id":7010,"date":"2023-09-07T17:55:59","date_gmt":"2023-09-07T17:55:59","guid":{"rendered":"https:\/\/ladepeche.mr\/?p=7010"},"modified":"2023-09-07T16:57:32","modified_gmt":"2023-09-07T16:57:32","slug":"nomination-du-president-et-des-membres-du-conseil-du-prix-chinguetti","status":"publish","type":"post","link":"https:\/\/ladepeche.mr\/?p=7010","title":{"rendered":"Nomination du Pr\u00e9sident et des membres du Conseil du Prix Chinguetti"},"content":{"rendered":"<p>La Pr\u00e9sidence de la R\u00e9publique a rendu public, mercredi soir, un d\u00e9cret en vertu duquel le pr\u00e9sident et les membres du Conseil du Prix Chinguetti sont nomm\u00e9s ainsi qu\u2019il suit :<\/p>\n<p>Pr\u00e9sident : M. Isselkou Ould Ahmed Izidbih,<\/p>\n<p>Membres :<\/p>\n<p>M. Abdellahi Ould Ely Salem,<\/p>\n<p>M. Sid El Mokhtar Ould Baba dit Derdiri<\/p>\n<p>M. Boune Oumar Ly<\/p>\n<p>M. Eddou Ould Cheikh<\/p>\n<p>M. Hamoudy Ould Hamady,<\/p>\n<p>Mme Batta Mint El Bara,<\/p>\n<p>M. Mohamed Ould Hennoun,<\/p>\n<p>M. Houceinou Coulibaly,<\/p>\n<p>M. Mohamed Baba Sa\u00efd<\/p>\n","protected":false},"excerpt":{"rendered":"<p>La Pr\u00e9sidence de la R\u00e9publique a rendu public, mercredi soir, un d\u00e9cret en vertu duquel le pr\u00e9sident et les membres du Conseil du Prix Chinguetti sont nomm\u00e9s ainsi qu\u2019il suit : Pr\u00e9sident : M. Isselkou Ould Ahmed Izidbih, Membres : M. Abdellahi Ould Ely Salem, M. Sid El Mokhtar Ould Baba dit Derdiri M. Boune &hellip;<\/p>\n","protected":false},"author":2,"featured_media":7011,"comment_status":"open","ping_status":"open","sticky":false,"template":"","format":"standard","meta":{"footnotes":""},"categories":[18,15],"tags":[],"class_list":["post-7010","post","type-post","status-publish","format-standard","has-post-thumbnail","hentry","category-actualites","category-culture"],"_links":{"self":[{"href":"https:\/\/ladepeche.mr\/index.php?rest_route=\/wp\/v2\/posts\/7010","targetHints":{"allow":["GET"]}}],"collection":[{"href":"https:\/\/ladepeche.mr\/index.php?rest_route=\/wp\/v2\/posts"}],"about":[{"href":"https:\/\/ladepeche.mr\/index.php?rest_route=\/wp\/v2\/types\/post"}],"author":[{"embeddable":true,"href":"https:\/\/ladepeche.mr\/index.php?rest_route=\/wp\/v2\/users\/2"}],"replies":[{"embeddable":true,"href":"https:\/\/ladepeche.mr\/index.php?rest_route=%2Fwp%2Fv2%2Fcomments&post=7010"}],"version-history":[{"count":1,"href":"https:\/\/ladepeche.mr\/index.php?rest_route=\/wp\/v2\/posts\/7010\/revisions"}],"predecessor-version":[{"id":7012,"href":"https:\/\/ladepeche.mr\/index.php?rest_route=\/wp\/v2\/posts\/7010\/revisions\/7012"}],"wp:featuredmedia":[{"embeddable":true,"href":"https:\/\/ladepeche.mr\/index.php?rest_route=\/wp\/v2\/media\/7011"}],"wp:attachment":[{"href":"https:\/\/ladepeche.mr\/index.php?rest_route=%2Fwp%2Fv2%2Fmedia&parent=7010"}],"wp:term":[{"taxonomy":"category","embeddable":true,"href":"https:\/\/ladepeche.mr\/index.php?rest_route=%2Fwp%2Fv2%2Fcategories&post=7010"},{"taxonomy":"post_tag","embeddable":true,"href":"https:\/\/ladepeche.mr\/index.php?rest_route=%2Fwp%2Fv2%2Ftags&post=7010"}],"curies":[{"name":"wp","href":"https:\/\/api.w.org\/{rel}","templated":true}]}}