{"id":7025,"date":"2023-09-08T12:09:42","date_gmt":"2023-09-08T12:09:42","guid":{"rendered":"https:\/\/ladepeche.mr\/?p=7025"},"modified":"2023-09-08T12:09:42","modified_gmt":"2023-09-08T12:09:42","slug":"le-conseil-des-ministres-approuve-le-document-de-programmation-budgetaire-pour-le-moyen-terme-2024-2026","status":"publish","type":"post","link":"https:\/\/ladepeche.mr\/?p=7025","title":{"rendered":"Le Conseil des ministres approuve le document de programmation budg\u00e9taire pour le moyen terme 2024-2026"},"content":{"rendered":"<p>Le Conseil des ministres a approuv\u00e9 au cours de sa r\u00e9union tenue, hier jeudi au palais pr\u00e9sidentiel \u00e0 Nouakchott, sous la pr\u00e9sidence de Son Excellence Monsieur Mohamed Ould Cheikh El Ghazouani, Pr\u00e9sident de la R\u00e9publique, une communication portant sur \u201cle document de programmation budg\u00e9taire \u00e0 moyen terme 2024-2026 pr\u00e9sent\u00e9e par le ministre des Finances, M. Isselmou Ould Mohamed M\u2019badi.<br \/>\nCe document, qui s\u2019inscrit dans le cadre des orientations de mise en place de politiques publiques \u00e9chelonn\u00e9es sur des ann\u00e9es, vise l\u2019am\u00e9lioration de la r\u00e9partition des ressources entre les secteurs, le renforcement de la durabilit\u00e9 budg\u00e9taire ainsi que la transparence de la gestion des finances publiques.<br \/>\nLe document constitue ainsi un cadre de r\u00e9f\u00e9rence en mati\u00e8re d\u2019orientations budg\u00e9taires retenus au cours des trois ann\u00e9es \u00e0 venir, afin de consolider et de renforcer les acquis du programme Taahoudaty du Pr\u00e9sident de la R\u00e9publique, et d\u2019accompagner l\u2019ex\u00e9cution du plan d\u2019action 2021-2025 de la strat\u00e9gie de croissance acc\u00e9l\u00e9r\u00e9e et de prosp\u00e9rit\u00e9 partag\u00e9e 2016-2030.<br \/>\nIl d\u00e9crit les perspectives d\u2019\u00e9volution \u00e0 moyen terme des principaux agr\u00e9gats de la politique budg\u00e9taire (recettes, d\u00e9penses, solde) et priorit\u00e9s sectorielles. Il repose sur des hypoth\u00e8ses prudentes de l\u2019\u00e9volution de l\u2019environnement international et du contexte \u00e9conomique national, notamment les cours mondiaux des mati\u00e8res premi\u00e8res, le taux de croissance du produit brut (PIB), le niveau d\u2019inflation, le volume des importations et des exportations ainsi que les mesures de politique budg\u00e9taires pr\u00e9vues.<br \/>\nDans sa mise en \u0153uvre le document s\u2019appuie sur le cadre budg\u00e9taire \u00e0 moyen terme qui indique l\u2019\u00e9volution sur trois ans les principaux agr\u00e9gats des finances publiques et celui de d\u00e9penses \u00e0 moyen terme global qui d\u00e9termine les r\u00e9partitions des enveloppes indicatives de d\u00e9penses programm\u00e9es par cat\u00e9gorie (salaires, biens et services, investissements\u2026) entre les diff\u00e9rents minist\u00e8res sectoriels.<br \/>\nNotons sue ce document budg\u00e9taire est conforme aux engagements contenus dans le nouveau programme \u00e9conomique et financier 2023-2025 soutenu par la facilit\u00e9 \u00e9largie de cr\u00e9dit du FMI et les m\u00e9canismes de cette facilit\u00e9.<br \/>\nAmi<\/p>\n","protected":false},"excerpt":{"rendered":"<p>Le Conseil des ministres a approuv\u00e9 au cours de sa r\u00e9union tenue, hier jeudi au palais pr\u00e9sidentiel \u00e0 Nouakchott, sous la pr\u00e9sidence de Son Excellence Monsieur Mohamed Ould Cheikh El Ghazouani, Pr\u00e9sident de la R\u00e9publique, une communication portant sur \u201cle document de programmation budg\u00e9taire \u00e0 moyen terme 2024-2026 pr\u00e9sent\u00e9e par le ministre des Finances, M. &hellip;<\/p>\n","protected":false},"author":2,"featured_media":3943,"comment_status":"open","ping_status":"open","sticky":false,"template":"","format":"standard","meta":{"footnotes":""},"categories":[18,2],"tags":[],"class_list":["post-7025","post","type-post","status-publish","format-standard","has-post-thumbnail","hentry","category-actualites","category-economie"],"_links":{"self":[{"href":"https:\/\/ladepeche.mr\/index.php?rest_route=\/wp\/v2\/posts\/7025","targetHints":{"allow":["GET"]}}],"collection":[{"href":"https:\/\/ladepeche.mr\/index.php?rest_route=\/wp\/v2\/posts"}],"about":[{"href":"https:\/\/ladepeche.mr\/index.php?rest_route=\/wp\/v2\/types\/post"}],"author":[{"embeddable":true,"href":"https:\/\/ladepeche.mr\/index.php?rest_route=\/wp\/v2\/users\/2"}],"replies":[{"embeddable":true,"href":"https:\/\/ladepeche.mr\/index.php?rest_route=%2Fwp%2Fv2%2Fcomments&post=7025"}],"version-history":[{"count":1,"href":"https:\/\/ladepeche.mr\/index.php?rest_route=\/wp\/v2\/posts\/7025\/revisions"}],"predecessor-version":[{"id":7026,"href":"https:\/\/ladepeche.mr\/index.php?rest_route=\/wp\/v2\/posts\/7025\/revisions\/7026"}],"wp:featuredmedia":[{"embeddable":true,"href":"https:\/\/ladepeche.mr\/index.php?rest_route=\/wp\/v2\/media\/3943"}],"wp:attachment":[{"href":"https:\/\/ladepeche.mr\/index.php?rest_route=%2Fwp%2Fv2%2Fmedia&parent=7025"}],"wp:term":[{"taxonomy":"category","embeddable":true,"href":"https:\/\/ladepeche.mr\/index.php?rest_route=%2Fwp%2Fv2%2Fcategories&post=7025"},{"taxonomy":"post_tag","embeddable":true,"href":"https:\/\/ladepeche.mr\/index.php?rest_route=%2Fwp%2Fv2%2Ftags&post=7025"}],"curies":[{"name":"wp","href":"https:\/\/api.w.org\/{rel}","templated":true}]}}