{"id":7033,"date":"2023-09-08T12:55:17","date_gmt":"2023-09-08T12:55:17","guid":{"rendered":"https:\/\/ladepeche.mr\/?p=7033"},"modified":"2023-09-08T13:04:06","modified_gmt":"2023-09-08T13:04:06","slug":"maroc-sahara-le-diplome-americain-joshua-harris-reaffirme-le-soutien-des-etats-unis-au-plan-marocain-dautonomie","status":"publish","type":"post","link":"https:\/\/ladepeche.mr\/?p=7033","title":{"rendered":"Sahara: Le diplomate am\u00e9ricain Joshua Harris r\u00e9affirme le soutien des \u00c9tats-Unis au plan marocain d&#8217;autonomie"},"content":{"rendered":"<p>Le sous-secr\u00e9taire adjoint am\u00e9ricain pour l&#8217;Afrique du Nord, Joshua Harris, a r\u00e9affirm\u00e9, jeudi, le soutien des Etats-Unis au plan d&#8217;autonomie au Sahara comme \u00e9tant &#8220;s\u00e9rieux, cr\u00e9dible et r\u00e9aliste&#8221;.<\/p>\n<p>&#8220;Les \u00c9tats-Unis continuent de consid\u00e9rer le plan marocain d&#8217;autonomie comme \u00e9tant s\u00e9rieux, cr\u00e9dible et r\u00e9aliste&#8221;, a indiqu\u00e9 un communiqu\u00e9 de l&#8217;ambassade des Etats-Unis \u00e0 Rabat, \u00e0 l&#8217;issue de l&#8217;entretien de M. Harris avec le ministre des Affaires \u00e9trang\u00e8res, de la Coop\u00e9ration africaine et des Marocains r\u00e9sidant \u00e0 l&#8217;\u00e9tranger, Nasser Bourita.<\/p>\n<p>Le haut responsable am\u00e9ricain, qui \u00e9tait accompagn\u00e9 par l&#8217;ambassadeur de son pays au Maroc, Puneet Talwar, a \u00e9galement &#8220;r\u00e9affirm\u00e9 le partenariat profond et historique entre les Etats-Unis et le Maroc&#8221;.<\/p>\n<p>Joshua Harris, dont la visite \u00e0 Rabat vient couronner une tourn\u00e9e r\u00e9gionale au &#8220;Maroc et en Alg\u00e9rie&#8221;, a soulign\u00e9 l&#8217;appr\u00e9ciation des \u00c9tats-Unis \u00e0 l&#8217;\u00e9gard des efforts cruciaux du Maroc face \u00e0 un large \u00e9ventail de d\u00e9fis r\u00e9gionaux et mondiaux, notamment la lutte contre l&#8217;instabilit\u00e9 au Sahel, le soutien aux \u00e9lections libyennes et la promotion de mesures \u00e9quitables de libert\u00e9, de s\u00e9curit\u00e9 et de prosp\u00e9rit\u00e9 pour les Isra\u00e9liens et les Palestiniens.<br \/>\n(avec m\u00e9dias)<\/p>\n","protected":false},"excerpt":{"rendered":"<p>Le sous-secr\u00e9taire adjoint am\u00e9ricain pour l&#8217;Afrique du Nord, Joshua Harris, a r\u00e9affirm\u00e9, jeudi, le soutien des Etats-Unis au plan d&#8217;autonomie au Sahara comme \u00e9tant &#8220;s\u00e9rieux, cr\u00e9dible et r\u00e9aliste&#8221;. &#8220;Les \u00c9tats-Unis continuent de consid\u00e9rer le plan marocain d&#8217;autonomie comme \u00e9tant s\u00e9rieux, cr\u00e9dible et r\u00e9aliste&#8221;, a indiqu\u00e9 un communiqu\u00e9 de l&#8217;ambassade des Etats-Unis \u00e0 Rabat, \u00e0 l&#8217;issue &hellip;<\/p>\n","protected":false},"author":2,"featured_media":7034,"comment_status":"open","ping_status":"open","sticky":false,"template":"","format":"standard","meta":{"footnotes":""},"categories":[18,29],"tags":[],"class_list":["post-7033","post","type-post","status-publish","format-standard","has-post-thumbnail","hentry","category-actualites","category-monde"],"_links":{"self":[{"href":"https:\/\/ladepeche.mr\/index.php?rest_route=\/wp\/v2\/posts\/7033","targetHints":{"allow":["GET"]}}],"collection":[{"href":"https:\/\/ladepeche.mr\/index.php?rest_route=\/wp\/v2\/posts"}],"about":[{"href":"https:\/\/ladepeche.mr\/index.php?rest_route=\/wp\/v2\/types\/post"}],"author":[{"embeddable":true,"href":"https:\/\/ladepeche.mr\/index.php?rest_route=\/wp\/v2\/users\/2"}],"replies":[{"embeddable":true,"href":"https:\/\/ladepeche.mr\/index.php?rest_route=%2Fwp%2Fv2%2Fcomments&post=7033"}],"version-history":[{"count":4,"href":"https:\/\/ladepeche.mr\/index.php?rest_route=\/wp\/v2\/posts\/7033\/revisions"}],"predecessor-version":[{"id":7038,"href":"https:\/\/ladepeche.mr\/index.php?rest_route=\/wp\/v2\/posts\/7033\/revisions\/7038"}],"wp:featuredmedia":[{"embeddable":true,"href":"https:\/\/ladepeche.mr\/index.php?rest_route=\/wp\/v2\/media\/7034"}],"wp:attachment":[{"href":"https:\/\/ladepeche.mr\/index.php?rest_route=%2Fwp%2Fv2%2Fmedia&parent=7033"}],"wp:term":[{"taxonomy":"category","embeddable":true,"href":"https:\/\/ladepeche.mr\/index.php?rest_route=%2Fwp%2Fv2%2Fcategories&post=7033"},{"taxonomy":"post_tag","embeddable":true,"href":"https:\/\/ladepeche.mr\/index.php?rest_route=%2Fwp%2Fv2%2Ftags&post=7033"}],"curies":[{"name":"wp","href":"https:\/\/api.w.org\/{rel}","templated":true}]}}