{"id":7063,"date":"2023-09-09T15:04:02","date_gmt":"2023-09-09T15:04:02","guid":{"rendered":"https:\/\/ladepeche.mr\/?p=7063"},"modified":"2023-09-09T15:04:02","modified_gmt":"2023-09-09T15:04:02","slug":"le-president-de-la-republique-adresse-ses-condoleances-au-roi-du-maroc-suite-au-violent-tremblement-de-terre","status":"publish","type":"post","link":"https:\/\/ladepeche.mr\/?p=7063","title":{"rendered":"Le Pr\u00e9sident de la R\u00e9publique adresse ses condol\u00e9ances au Roi du Maroc suite au violent tremblement de terre"},"content":{"rendered":"<p>Son Excellence le Pr\u00e9sident de la R\u00e9publique, M. Mohamed Ould Cheikh El Ghazouani, a adress\u00e9, aujourd\u2019hui, samedi, un message de condol\u00e9ances et de compassion au Roi du Maroc, Sa Majest\u00e9 le Roi Mohammed VI, suite au tremblement de terre qui a frapp\u00e9, vendredi soir, plusieurs villes marocaines, faisant plusieurs victimes.<\/p>\n<p>Dans ce message, Son Excellence le Pr\u00e9sident de la R\u00e9publique a affirm\u00e9 la compassion et la solidarit\u00e9 du gouvernement et du peuple mauritaniens avec le gouvernement et le peuple marocains dans cette douloureuse \u00e9preuve.<\/p>\n<p>Ce message est ainsi libell\u00e9 :<\/p>\n<p>\u201cMajest\u00e9 Mohammed VI, Roi du royaume du Maroc, Cher fr\u00e8re,<\/p>\n<p>J\u2019ai appris avec une grande tristesse et une profonde \u00e9motion la nouvelle du violent tremblement de terre qui a frapp\u00e9, hier soir, plusieurs villes marocaines.<\/p>\n<p>En cette douloureuse trag\u00e9die, j\u2019adresse \u00e0 Votre Majest\u00e9, au gouvernement, au peuple marocain fr\u00e8re et aux familles des victimes, mes sinc\u00e8res condol\u00e9ances et ma compassion fraternelle, implorant \u00e0 Allah, Le Tout-Puissant, de couvrir les martyrs de sa large mis\u00e9ricorde, de les accueillir dans son vaste paradis et d\u2019accorder un prompt r\u00e9tablissement aux bless\u00e9s.<\/p>\n<p>Je vous assure de la compassion et de la solidarit\u00e9 du gouvernement et du peuple mauritaniens qui vous accompagnent dans cette douloureuse \u00e9preuve, priant Allah, Le Tout-Puissant, de prot\u00e9ger le Maroc fr\u00e8re de tout mal et de tout malheur, et de lui accorder les faveurs de la s\u00e9curit\u00e9 et de la qui\u00e9tude.<\/p>\n<p>Votre fr\u00e8re, Mohamed Ould Cheikh El Ghazouani Pr\u00e9sident de la R\u00e9publique Islamique de Mauritanie\u201d<br \/>\nAmi<\/p>\n","protected":false},"excerpt":{"rendered":"<p>Son Excellence le Pr\u00e9sident de la R\u00e9publique, M. Mohamed Ould Cheikh El Ghazouani, a adress\u00e9, aujourd\u2019hui, samedi, un message de condol\u00e9ances et de compassion au Roi du Maroc, Sa Majest\u00e9 le Roi Mohammed VI, suite au tremblement de terre qui a frapp\u00e9, vendredi soir, plusieurs villes marocaines, faisant plusieurs victimes. Dans ce message, Son Excellence &hellip;<\/p>\n","protected":false},"author":2,"featured_media":7064,"comment_status":"open","ping_status":"open","sticky":false,"template":"","format":"standard","meta":{"footnotes":""},"categories":[18,29],"tags":[],"class_list":["post-7063","post","type-post","status-publish","format-standard","has-post-thumbnail","hentry","category-actualites","category-monde"],"_links":{"self":[{"href":"https:\/\/ladepeche.mr\/index.php?rest_route=\/wp\/v2\/posts\/7063","targetHints":{"allow":["GET"]}}],"collection":[{"href":"https:\/\/ladepeche.mr\/index.php?rest_route=\/wp\/v2\/posts"}],"about":[{"href":"https:\/\/ladepeche.mr\/index.php?rest_route=\/wp\/v2\/types\/post"}],"author":[{"embeddable":true,"href":"https:\/\/ladepeche.mr\/index.php?rest_route=\/wp\/v2\/users\/2"}],"replies":[{"embeddable":true,"href":"https:\/\/ladepeche.mr\/index.php?rest_route=%2Fwp%2Fv2%2Fcomments&post=7063"}],"version-history":[{"count":1,"href":"https:\/\/ladepeche.mr\/index.php?rest_route=\/wp\/v2\/posts\/7063\/revisions"}],"predecessor-version":[{"id":7065,"href":"https:\/\/ladepeche.mr\/index.php?rest_route=\/wp\/v2\/posts\/7063\/revisions\/7065"}],"wp:featuredmedia":[{"embeddable":true,"href":"https:\/\/ladepeche.mr\/index.php?rest_route=\/wp\/v2\/media\/7064"}],"wp:attachment":[{"href":"https:\/\/ladepeche.mr\/index.php?rest_route=%2Fwp%2Fv2%2Fmedia&parent=7063"}],"wp:term":[{"taxonomy":"category","embeddable":true,"href":"https:\/\/ladepeche.mr\/index.php?rest_route=%2Fwp%2Fv2%2Fcategories&post=7063"},{"taxonomy":"post_tag","embeddable":true,"href":"https:\/\/ladepeche.mr\/index.php?rest_route=%2Fwp%2Fv2%2Ftags&post=7063"}],"curies":[{"name":"wp","href":"https:\/\/api.w.org\/{rel}","templated":true}]}}