{"id":7077,"date":"2023-09-09T22:52:41","date_gmt":"2023-09-09T22:52:41","guid":{"rendered":"https:\/\/ladepeche.mr\/?p=7077"},"modified":"2023-09-09T22:53:12","modified_gmt":"2023-09-09T22:53:12","slug":"maroc-seisme-dal-haouz-des-mesures-durgence-ordonnees-par-le-roi-mohammed-vi","status":"publish","type":"post","link":"https:\/\/ladepeche.mr\/?p=7077","title":{"rendered":"Maroc\/ S\u00e9isme d&#8217;Al Haouz: Des mesures d\u2019urgence ordonn\u00e9es par le Roi Mohammed VI"},"content":{"rendered":"<p>Au lendemain du puissant s\u00e9isme d\u2019une magnitude de 7,2 sur l\u2019\u00e9chelle de Richter qui a frapp\u00e9 le Maroc dans la nuit de vendredi \u00e0 samedi, des mesures d\u2019urgence ont \u00e9t\u00e9 ordonn\u00e9es par Sa Majest\u00e9 le Roi Mohammed VI, lors d\u2019une s\u00e9ance de travail. <\/p>\n<p>Accompagn\u00e9 du prince h\u00e9ritier, Moulay El Hassan, le Roi a pr\u00e9sid\u00e9, ce samedi, cette s\u00e9ance en vue d\u2019examiner la situation cons\u00e9cutive \u00e0 la secousse sismique d\u00e9vastatrice ayant fait 2.012 morts et 2.059 bless\u00e9s, dont 1.404 graves, selon un bilan actualis\u00e9 samedi \u00e0 22h00 par le minist\u00e8re de l\u2019Int\u00e9rieur.<\/p>\n<p>Au Palais Royal de Rabat, les responsables pr\u00e9sents \u00e0 la s\u00e9ance de travail ont expos\u00e9 devant le Roi Mohamed VI les derniers d\u00e9veloppements que connaissent les pr\u00e9fectures et provinces touch\u00e9es, notamment au niveau de certaines localit\u00e9s qui \u00e9taient inaccessibles au cours de la nuit et dans lesquelles le point de situation et l\u2019intervention des secours n\u2019ont pu \u00eatre op\u00e9r\u00e9s qu\u2019\u00e0 la lev\u00e9e du jour.<\/p>\n<p>Apr\u00e8s avoir expos\u00e9 au Souverain les d\u00e9tails des mesures prises et les moyens humains et logistiques d\u2019urgence qui ont \u00e9t\u00e9 d\u00e9ploy\u00e9s pour faire face \u00e0 cette trag\u00e9die nationale, le Roi a donn\u00e9 ses tr\u00e8s Hautes instructions en vue de poursuivre avec c\u00e9l\u00e9rit\u00e9 les actions de secours men\u00e9es sur le terrain, et en vue de mettre en place imm\u00e9diatement une commission interminist\u00e9rielle charg\u00e9e du d\u00e9ploiement d\u2019un programme d\u2019urgence de r\u00e9habilitation et d\u2019aide \u00e0 la reconstruction des logements d\u00e9truits au niveau des zones sinistr\u00e9es, dans les meilleurs d\u00e9lais.<\/p>\n<p>Le Roi a \u00e9galement donn\u00e9 ses instructions pour la prise en charge de personnes en d\u00e9tresse, particuli\u00e8rement les orphelins et les personnes vuln\u00e9rables, ainsi que la prise en charge imm\u00e9diate de l\u2019ensemble des personnes qui se retrouvent sans abri du fait du s\u00e9isme, notamment en termes d\u2019h\u00e9bergement, d\u2019alimentation et tous autres besoins de base, appelant ainsi \u00e0 l\u2019encouragement des op\u00e9rateurs \u00e9conomiques en vue d\u2019une reprise rapide des activit\u00e9s au niveau des zones concern\u00e9es.<\/p>\n<p>Aussi, Mohammed VI a appel\u00e9 \u00e0 l\u2019ouverture d\u2019un compte sp\u00e9cial aupr\u00e8s du Tr\u00e9sor et Bank Al Maghrib, en vue de recevoir les contributions volontaires de solidarit\u00e9 des citoyens et des organismes priv\u00e9s et publics ainsi que la pleine mobilisation de la Fondation Mohammed V pour la solidarit\u00e9, dans toutes ses composantes, \u00e0 l\u2019effet d\u2019apporter soutien et accompagnement aux citoyens dans les zones touch\u00e9es.<\/p>\n<p>Le Monarque a \u00e9galement ordonn\u00e9 la constitution de r\u00e9serves et stocks de premi\u00e8re n\u00e9cessit\u00e9 (m\u00e9dicaments, tentes, lits, aliments \u2026) au niveau de chaque r\u00e9gion du Royaume pour parer \u00e0 tout type de catastrophe, avant d\u00e9 d\u00e9cider d\u2019un deuil national de 3 jours, avec mise en berne des drapeaux sur tous les b\u00e2timents publics.<\/p>\n<p>Il est rappel\u00e9 \u00e0 cet \u00e9gard que sur hautes Instructions du Roi Mohammed VI, Chef supr\u00eame et Chef d\u2019Etat-major g\u00e9n\u00e9ral des Forces Arm\u00e9es Royales, les FAR ont d\u00e9ploy\u00e9 d\u2019urgence des moyens humains et logistiques importants, a\u00e9riens et terrestres, ainsi que des modules d\u2019intervention sp\u00e9cialis\u00e9s \u00e0 base d\u2019\u00e9quipes de recherche et sauvetage et d\u2019un h\u00f4pital m\u00e9dico-chirurgical de campagne.<\/p>\n<p>D\u2019autres mesures d\u2019urgence, objet d\u2019instructions et de suivi constant du Roi d\u00e8s les premiers moments qui ont suivi le s\u00e9isme, ont \u00e9galement \u00e9t\u00e9 prises avec l\u2019intervention de l\u2019Arm\u00e9e, des autorit\u00e9s locales, des services de l\u2019ordre et des \u00e9quipes de la protection civile, ainsi que des d\u00e9partements minist\u00e9riels concern\u00e9s.<\/p>\n<p>Ces mesures ont port\u00e9 principalement sur le renforcement des moyens et des \u00e9quipes de recherche et de secours \u00e0 l\u2019effet d\u2019acc\u00e9l\u00e9rer les op\u00e9rations de sauvetage et d\u2019\u00e9vacuation des personnes bless\u00e9es, l\u2019approvisionnement en eau potable des zones touch\u00e9es, la distribution des kits alimentaires, des tentes et des couvertures au profit des sinistr\u00e9s, ainsi que la reprise rapide des services publics.<br \/>\n(avec m\u00e9dias)<\/p>\n","protected":false},"excerpt":{"rendered":"<p>Au lendemain du puissant s\u00e9isme d\u2019une magnitude de 7,2 sur l\u2019\u00e9chelle de Richter qui a frapp\u00e9 le Maroc dans la nuit de vendredi \u00e0 samedi, des mesures d\u2019urgence ont \u00e9t\u00e9 ordonn\u00e9es par Sa Majest\u00e9 le Roi Mohammed VI, lors d\u2019une s\u00e9ance de travail. Accompagn\u00e9 du prince h\u00e9ritier, Moulay El Hassan, le Roi a pr\u00e9sid\u00e9, ce &hellip;<\/p>\n","protected":false},"author":2,"featured_media":7078,"comment_status":"open","ping_status":"open","sticky":false,"template":"","format":"standard","meta":{"footnotes":""},"categories":[18,29],"tags":[],"class_list":["post-7077","post","type-post","status-publish","format-standard","has-post-thumbnail","hentry","category-actualites","category-monde"],"_links":{"self":[{"href":"https:\/\/ladepeche.mr\/index.php?rest_route=\/wp\/v2\/posts\/7077","targetHints":{"allow":["GET"]}}],"collection":[{"href":"https:\/\/ladepeche.mr\/index.php?rest_route=\/wp\/v2\/posts"}],"about":[{"href":"https:\/\/ladepeche.mr\/index.php?rest_route=\/wp\/v2\/types\/post"}],"author":[{"embeddable":true,"href":"https:\/\/ladepeche.mr\/index.php?rest_route=\/wp\/v2\/users\/2"}],"replies":[{"embeddable":true,"href":"https:\/\/ladepeche.mr\/index.php?rest_route=%2Fwp%2Fv2%2Fcomments&post=7077"}],"version-history":[{"count":2,"href":"https:\/\/ladepeche.mr\/index.php?rest_route=\/wp\/v2\/posts\/7077\/revisions"}],"predecessor-version":[{"id":7080,"href":"https:\/\/ladepeche.mr\/index.php?rest_route=\/wp\/v2\/posts\/7077\/revisions\/7080"}],"wp:featuredmedia":[{"embeddable":true,"href":"https:\/\/ladepeche.mr\/index.php?rest_route=\/wp\/v2\/media\/7078"}],"wp:attachment":[{"href":"https:\/\/ladepeche.mr\/index.php?rest_route=%2Fwp%2Fv2%2Fmedia&parent=7077"}],"wp:term":[{"taxonomy":"category","embeddable":true,"href":"https:\/\/ladepeche.mr\/index.php?rest_route=%2Fwp%2Fv2%2Fcategories&post=7077"},{"taxonomy":"post_tag","embeddable":true,"href":"https:\/\/ladepeche.mr\/index.php?rest_route=%2Fwp%2Fv2%2Ftags&post=7077"}],"curies":[{"name":"wp","href":"https:\/\/api.w.org\/{rel}","templated":true}]}}