{"id":7090,"date":"2023-09-10T09:50:26","date_gmt":"2023-09-10T09:50:26","guid":{"rendered":"https:\/\/ladepeche.mr\/?p=7090"},"modified":"2023-09-10T09:50:26","modified_gmt":"2023-09-10T09:50:26","slug":"au-mali-tombouctou-sous-blocus-depuis-un-mois","status":"publish","type":"post","link":"https:\/\/ladepeche.mr\/?p=7090","title":{"rendered":"Au Mali, Tombouctou sous blocus depuis un mois"},"content":{"rendered":"<p>Depuis le 8 ao\u00fbt, la grande ville du nord est isol\u00e9e par le Groupe de soutien \u00e0 l\u2019islam et aux musulmans. Parall\u00e8lement, deux attaques ont frapp\u00e9 un bateau et un camp militaire. Au moins 64 personnes, 49 civils et 15 soldats, ont \u00e9t\u00e9 tu\u00e9es jeudi 7 septembre dans deux attaques contre un bateau de transport de passagers et une base de l\u2019arm\u00e9e dans le nord du Mali. Les deux raids ont cibl\u00e9 \u00ab le bateau Tombouctou \u00bb sur le fleuve Niger et \u00ab la position de l\u2019arm\u00e9e \u00bb \u00e0 Bamba, dans la r\u00e9gion de Gao, selon un communiqu\u00e9 du gouvernement militaire, indiquant par ailleurs que la riposte des forces arm\u00e9es maliennes (FAMa) a permis de \u00ab neutraliser une cinquantaine de terroristes \u00bb. Les autorit\u00e9s ont d\u00e9cr\u00e9t\u00e9 un deuil national de trois jours \u00e0 compter de vendredi, suite \u00e0 ces deux attaques revendiqu\u00e9es par le Groupe de soutien \u00e0 l\u2019islam et aux musulmans (GSIM, affili\u00e9 \u00e0 Al-Qaida).<br \/>\nLe bateau de la Compagnie malienne de navigation (Comanav) a \u00e9t\u00e9 vis\u00e9 dans le secteur de Gourma-Rharous, entre Gao et Tombouctou. La Comanav assure une importante liaison sur plusieurs centaines de kilom\u00e8tres de Koulikoro, en aval de Bamako, jusqu\u2019\u00e0 Gao, en passant par plusieurs villes bordant le fleuve Niger. Des images diffus\u00e9es sur les r\u00e9seaux sociaux, dans une zone \u00e0 l\u2019acc\u00e8s et aux communications difficiles montrent un \u00e9pais nuage de fum\u00e9e noire s\u2019\u00e9levant du b\u00e2timent vers le ciel. Vendredi, un nouvel assaut terroriste a cette fois vis\u00e9 l\u2019a\u00e9roport de Gao. L\u2019arm\u00e9e malienne a \u00e9voqu\u00e9 dans un bref message sur les r\u00e9seaux sociaux une attaque \u00ab kamikaze et complexe \u00bb, mais sans fournir de bilan, se contentant de dire que \u00ab la riposte et l\u2019\u00e9valuation [\u00e9taient] en cours \u00bb. <\/p>\n<p>Le prix de l\u2019essence a doubl\u00e9 <\/p>\n<p>Ces attaques surviennent dans un contexte de tension grandissante entre l\u2019Etat malien et les groupes politico-militaires de la Coalition des mouvements de l\u2019Azawad (CMA, l\u2019ancienne r\u00e9bellion touareg et arabe) et o\u00f9 la ville de Tombouctou fait face \u00e0 un blocus du GSIM depuis le 8 ao\u00fbt. Dans cette ville carrefour du nord du Mali, beaucoup de marchandises sont import\u00e9es d\u2019Alg\u00e9rie et de Mauritanie. L\u2019huile, les p\u00e2tes, le sucre mais surtout l\u2019essence sont de plus en plus rares et soumis \u00e0 d\u2019importantes sp\u00e9culations.<\/p>\n<p>Pour lire plus https:\/\/intellivoire.net\/au-mali-tombouctou-sous-blocus-depuis-un-mois\/<\/p>\n","protected":false},"excerpt":{"rendered":"<p>Depuis le 8 ao\u00fbt, la grande ville du nord est isol\u00e9e par le Groupe de soutien \u00e0 l\u2019islam et aux musulmans. Parall\u00e8lement, deux attaques ont frapp\u00e9 un bateau et un camp militaire. Au moins 64 personnes, 49 civils et 15 soldats, ont \u00e9t\u00e9 tu\u00e9es jeudi 7 septembre dans deux attaques contre un bateau de transport &hellip;<\/p>\n","protected":false},"author":2,"featured_media":7091,"comment_status":"open","ping_status":"open","sticky":false,"template":"","format":"standard","meta":{"footnotes":""},"categories":[18,29],"tags":[],"class_list":["post-7090","post","type-post","status-publish","format-standard","has-post-thumbnail","hentry","category-actualites","category-monde"],"_links":{"self":[{"href":"https:\/\/ladepeche.mr\/index.php?rest_route=\/wp\/v2\/posts\/7090","targetHints":{"allow":["GET"]}}],"collection":[{"href":"https:\/\/ladepeche.mr\/index.php?rest_route=\/wp\/v2\/posts"}],"about":[{"href":"https:\/\/ladepeche.mr\/index.php?rest_route=\/wp\/v2\/types\/post"}],"author":[{"embeddable":true,"href":"https:\/\/ladepeche.mr\/index.php?rest_route=\/wp\/v2\/users\/2"}],"replies":[{"embeddable":true,"href":"https:\/\/ladepeche.mr\/index.php?rest_route=%2Fwp%2Fv2%2Fcomments&post=7090"}],"version-history":[{"count":1,"href":"https:\/\/ladepeche.mr\/index.php?rest_route=\/wp\/v2\/posts\/7090\/revisions"}],"predecessor-version":[{"id":7092,"href":"https:\/\/ladepeche.mr\/index.php?rest_route=\/wp\/v2\/posts\/7090\/revisions\/7092"}],"wp:featuredmedia":[{"embeddable":true,"href":"https:\/\/ladepeche.mr\/index.php?rest_route=\/wp\/v2\/media\/7091"}],"wp:attachment":[{"href":"https:\/\/ladepeche.mr\/index.php?rest_route=%2Fwp%2Fv2%2Fmedia&parent=7090"}],"wp:term":[{"taxonomy":"category","embeddable":true,"href":"https:\/\/ladepeche.mr\/index.php?rest_route=%2Fwp%2Fv2%2Fcategories&post=7090"},{"taxonomy":"post_tag","embeddable":true,"href":"https:\/\/ladepeche.mr\/index.php?rest_route=%2Fwp%2Fv2%2Ftags&post=7090"}],"curies":[{"name":"wp","href":"https:\/\/api.w.org\/{rel}","templated":true}]}}