{"id":7102,"date":"2023-09-10T18:33:10","date_gmt":"2023-09-10T18:33:10","guid":{"rendered":"https:\/\/ladepeche.mr\/?p=7102"},"modified":"2023-09-10T18:33:10","modified_gmt":"2023-09-10T18:33:10","slug":"pluies-a-nouakchott-le-ministre-senquiert-des-efforts-deployes-par-lonas-pour-evacuer-les-eaux-stagnantes","status":"publish","type":"post","link":"https:\/\/ladepeche.mr\/?p=7102","title":{"rendered":"Pluies \u00e0 Nouakchott : Le ministre s\u2019enquiert des efforts d\u00e9ploy\u00e9s par l\u2019Onas pour \u00e9vacuer les eaux stagnantes"},"content":{"rendered":"<p>Ismail Abdelvettah , ministre de l\u2019Hydraulique et de l\u2019Assainissement, accompagn\u00e9 du DG de l\u2019Onas, Ahmed Zeidane Ould Mohamed Mahmoud, a pass\u00e9 en revue vendredi, \u00e0 l\u2019occasion d\u2019une visite dans les quartiers inond\u00e9s par les eaux de pluie, les moyens et les efforts d\u00e9ploy\u00e9s par l\u2019Onas pour venir \u00e0 bout la stagnation de ces eaux dans les trois Wilayas de Nouakchott.<br \/>\nLa visite aura permis au ministre de constater de visu l\u2019ampleur de la t\u00e2che, des moyens d\u00e9ploy\u00e9s par l\u2019Onas mais \u00e9galement de voir l\u2019effet des eaux de pluie dans certains quartiers de la capitale.<br \/>\nLe ministre a, \u00e0 cet \u00e9gard, exhort\u00e9 \u00e0 accorder une priorit\u00e9 aux principaux axes de circulation et de frayer des passages pour les mosqu\u00e9es et aux march\u00e9s. Le ministre n\u2019a pas manqu\u00e9 d\u2019exprimer la solidarit\u00e9 et la compr\u00e9hension du gouvernement avec les populations face aux d\u00e9fis que posent la gestion des eaux de pluie dans des villes sans am\u00e9nagement pour l\u2019assainissement. Il a, dans cette optique, affirm\u00e9 que les v\u00e9ritables solutions d\u00e9finitives aux al\u00e9as des pr\u00e9cipitations verront le jour avec le prochain projet d\u2019assainissement moderne destin\u00e9 \u00e0 la ville de Nouakchott.<br \/>\nCr\u00e9e en 2009, l\u2019Office National d\u2019Assainissement se veut aujourd\u2019hui, une r\u00e9ponse pr\u00e9ventive aux situations d\u2019urgence \u00e0 cause de la forte vuln\u00e9rabilit\u00e9 des villes mauritaniennes o\u00f9 n\u2019existent souvent pas de r\u00e9seaux d\u2019\u00e9vacuation de ces eaux qui surviennent pendant l\u2019hivernage.<\/p>\n","protected":false},"excerpt":{"rendered":"<p>Ismail Abdelvettah , ministre de l\u2019Hydraulique et de l\u2019Assainissement, accompagn\u00e9 du DG de l\u2019Onas, Ahmed Zeidane Ould Mohamed Mahmoud, a pass\u00e9 en revue vendredi, \u00e0 l\u2019occasion d\u2019une visite dans les quartiers inond\u00e9s par les eaux de pluie, les moyens et les efforts d\u00e9ploy\u00e9s par l\u2019Onas pour venir \u00e0 bout la stagnation de ces eaux dans &hellip;<\/p>\n","protected":false},"author":2,"featured_media":7103,"comment_status":"open","ping_status":"open","sticky":false,"template":"","format":"standard","meta":{"footnotes":""},"categories":[18],"tags":[],"class_list":["post-7102","post","type-post","status-publish","format-standard","has-post-thumbnail","hentry","category-actualites"],"_links":{"self":[{"href":"https:\/\/ladepeche.mr\/index.php?rest_route=\/wp\/v2\/posts\/7102","targetHints":{"allow":["GET"]}}],"collection":[{"href":"https:\/\/ladepeche.mr\/index.php?rest_route=\/wp\/v2\/posts"}],"about":[{"href":"https:\/\/ladepeche.mr\/index.php?rest_route=\/wp\/v2\/types\/post"}],"author":[{"embeddable":true,"href":"https:\/\/ladepeche.mr\/index.php?rest_route=\/wp\/v2\/users\/2"}],"replies":[{"embeddable":true,"href":"https:\/\/ladepeche.mr\/index.php?rest_route=%2Fwp%2Fv2%2Fcomments&post=7102"}],"version-history":[{"count":1,"href":"https:\/\/ladepeche.mr\/index.php?rest_route=\/wp\/v2\/posts\/7102\/revisions"}],"predecessor-version":[{"id":7104,"href":"https:\/\/ladepeche.mr\/index.php?rest_route=\/wp\/v2\/posts\/7102\/revisions\/7104"}],"wp:featuredmedia":[{"embeddable":true,"href":"https:\/\/ladepeche.mr\/index.php?rest_route=\/wp\/v2\/media\/7103"}],"wp:attachment":[{"href":"https:\/\/ladepeche.mr\/index.php?rest_route=%2Fwp%2Fv2%2Fmedia&parent=7102"}],"wp:term":[{"taxonomy":"category","embeddable":true,"href":"https:\/\/ladepeche.mr\/index.php?rest_route=%2Fwp%2Fv2%2Fcategories&post=7102"},{"taxonomy":"post_tag","embeddable":true,"href":"https:\/\/ladepeche.mr\/index.php?rest_route=%2Fwp%2Fv2%2Ftags&post=7102"}],"curies":[{"name":"wp","href":"https:\/\/api.w.org\/{rel}","templated":true}]}}