{"id":7119,"date":"2023-09-11T19:54:26","date_gmt":"2023-09-11T19:54:26","guid":{"rendered":"https:\/\/ladepeche.mr\/?p=7119"},"modified":"2023-09-11T19:54:26","modified_gmt":"2023-09-11T19:54:26","slug":"le-ministre-de-leconomie-supervise-le-lancement-des-consultations-nationales-sur-les-odd","status":"publish","type":"post","link":"https:\/\/ladepeche.mr\/?p=7119","title":{"rendered":"Le ministre de l&#8217;\u00c9conomie supervise le lancement des consultations  nationales sur les ODD"},"content":{"rendered":"<p>Son Excellence le ministre de l&#8217;\u00c9conomie et du D\u00e9veloppement Durable, M. Abdessalam Ould Mohamed Saleh, a supervis\u00e9 aujourd&#8217;hui, lundi, \u00e0 Nouakchott, le lancement des travaux  des sessions consacr\u00e9es aux consultations nationales organis\u00e9es par le minist\u00e8re en collaboration avec le syst\u00e8me des Nations Unies, dans l&#8217;objectif d&#8217;\u00e9valuer les progr\u00e8s r\u00e9alis\u00e9s en mati\u00e8re des objectifs de d\u00e9veloppement durable et  d&#8217;examiner les d\u00e9fis \u00e9mergents n\u00e9cessitant une action commune et consultative.<\/p>\n<p>Ces sessions visent \u00e0 \u00e9tablir un bilan, \u00e0 identifier les r\u00e9ussites et les \u00e9checs, \u00e0 partager les meilleures pratiques en abordant les initiatives et les projets r\u00e9ussis qui ont contribu\u00e9 de mani\u00e8re significative \u00e0 la r\u00e9alisation des objectifs de d\u00e9veloppement, ainsi qu&#8217;\u00e0 explorer les aspects innovants en discutant des nouvelles approches politiques, \u00e9conomiques, technologiques et des solutions innovantes acc\u00e9l\u00e9rant la progression vers la r\u00e9alisation des objectifs de d\u00e9veloppement.<\/p>\n<p>Lesdites consultations ont \u00e9t\u00e9 organis\u00e9es sous la forme de trois s\u00e9minaires cons\u00e9cutifs, abordant respectivement la transition structurelle de l&#8217;\u00e9conomie mauritanienne en tant qu&#8217;exigence cruciale pour la r\u00e9alisation des objectifs de d\u00e9veloppement durable, l&#8217;investissement dans le capital humain en tant que facteur de d\u00e9veloppement \u00e9conomique et social en Mauritanie, ainsi que la transition \u00e9nerg\u00e9tique et la s\u00e9curit\u00e9 climatique en Mauritanie.<\/p>\n<p>Au cours de ces sessions, de nombreux sujets ont \u00e9t\u00e9 discut\u00e9s pour acc\u00e9l\u00e9rer la transition sociale et \u00e9conomique durable en Mauritanie afin de r\u00e9duire la pauvret\u00e9, de r\u00e9aliser les objectifs de d\u00e9veloppement durable, de mettre en avant le r\u00f4le de la technologie et de l&#8217;innovation dans la lutte contre la pauvret\u00e9, ainsi que des solutions num\u00e9riques innovantes pour autonomiser les acteurs de l&#8217;informel, en particulier les femmes. De plus, des moyens pour exploiter le potentiel des jeunes ont \u00e9t\u00e9 discut\u00e9s, ainsi que des investissements strat\u00e9giques prioritaires pour tirer profit du capital humain afin d&#8217;accompagner les changements socio- \u00e9conomiques actuels, en plus des politiques et des programmes essentiels au renforcement des  capacit\u00e9s \u00e0 faire face aux crises et au  d\u00e9veloppement orient\u00e9 vers (la lutte contre les conflits, le changement climatique, la s\u00e9cheresse).<\/p>\n<p>L&#8217;organisation de ces sessions s&#8217;inscrit dans le cadre de la r\u00e9ponse aux appels internationaux concernant l&#8217;examen des progr\u00e8s r\u00e9alis\u00e9s en mati\u00e8re d&#8217;objectifs de d\u00e9veloppement durable, alors qu&#8217;ils sont \u00e0 mi-chemin avant l&#8217;\u00e9ch\u00e9ance de 2030, compte tenu des difficult\u00e9s pour les atteindre.<\/p>\n<p>Tout cela s&#8217;inscrit \u00e9galement dans le cadre des pr\u00e9paratifs de la participation de notre pays au Sommet de haut niveau pr\u00e9vu les 18 et 19 septembre courant \u00e0 New York sur les objectifs de d\u00e9veloppement durable, en pr\u00e9sence de Son Excellence le Pr\u00e9sident de la R\u00e9publique, Mohamed Ould Cheikh El Ghazouani.<\/p>\n<p>Les sessions ont \u00e9t\u00e9 anim\u00e9es par Son Excellence le ministre, en pr\u00e9sence des ministres de la Transition num\u00e9rique, des Finances, de l&#8217;\u00c9ducation nationale, de l&#8217;Environnement, du P\u00e9trole, de l&#8217;adjoint du Commissaire aux droits de l&#8217;homme, ainsi que de la Coordonnatrice r\u00e9sidente du syst\u00e8me des Nations Unies, de la repr\u00e9sentante du Fonds mon\u00e9taire international, de la pr\u00e9sidente de la r\u00e9gion de Nouakchott, du pr\u00e9sident de l&#8217;Union du Patronat mauritanien, de la pr\u00e9sidente du Conseil national de la jeunesse, du repr\u00e9sentant r\u00e9sident du Programme des Nations Unies pour le d\u00e9veloppement, de la repr\u00e9sentante r\u00e9sidente de la Banque mondiale, de l&#8217;ambassadeur de l&#8217;Union europ\u00e9enne, de l&#8217;ambassadrice des \u00c9tats-Unis, de l&#8217;assistante de la repr\u00e9sentante r\u00e9sidente de l&#8217;UNICEF, de la pr\u00e9sidente de l&#8217;Observatoire national des droits des femmes et des filles, du Secr\u00e9taire ex\u00e9cutif de la Convention des Nations Unies de lutte contre la d\u00e9sertification, du Secr\u00e9taire ex\u00e9cutif de l&#8217;Agence africaine de la grande muraille verte, ainsi que de nombreux leaders de la soci\u00e9t\u00e9 civile et d&#8217;universitaires.<br \/>\nMEcDD<\/p>\n","protected":false},"excerpt":{"rendered":"<p>Son Excellence le ministre de l&#8217;\u00c9conomie et du D\u00e9veloppement Durable, M. Abdessalam Ould Mohamed Saleh, a supervis\u00e9 aujourd&#8217;hui, lundi, \u00e0 Nouakchott, le lancement des travaux des sessions consacr\u00e9es aux consultations nationales organis\u00e9es par le minist\u00e8re en collaboration avec le syst\u00e8me des Nations Unies, dans l&#8217;objectif d&#8217;\u00e9valuer les progr\u00e8s r\u00e9alis\u00e9s en mati\u00e8re des objectifs de d\u00e9veloppement &hellip;<\/p>\n","protected":false},"author":2,"featured_media":7120,"comment_status":"open","ping_status":"open","sticky":false,"template":"","format":"standard","meta":{"footnotes":""},"categories":[18,2],"tags":[],"class_list":["post-7119","post","type-post","status-publish","format-standard","has-post-thumbnail","hentry","category-actualites","category-economie"],"_links":{"self":[{"href":"https:\/\/ladepeche.mr\/index.php?rest_route=\/wp\/v2\/posts\/7119","targetHints":{"allow":["GET"]}}],"collection":[{"href":"https:\/\/ladepeche.mr\/index.php?rest_route=\/wp\/v2\/posts"}],"about":[{"href":"https:\/\/ladepeche.mr\/index.php?rest_route=\/wp\/v2\/types\/post"}],"author":[{"embeddable":true,"href":"https:\/\/ladepeche.mr\/index.php?rest_route=\/wp\/v2\/users\/2"}],"replies":[{"embeddable":true,"href":"https:\/\/ladepeche.mr\/index.php?rest_route=%2Fwp%2Fv2%2Fcomments&post=7119"}],"version-history":[{"count":1,"href":"https:\/\/ladepeche.mr\/index.php?rest_route=\/wp\/v2\/posts\/7119\/revisions"}],"predecessor-version":[{"id":7121,"href":"https:\/\/ladepeche.mr\/index.php?rest_route=\/wp\/v2\/posts\/7119\/revisions\/7121"}],"wp:featuredmedia":[{"embeddable":true,"href":"https:\/\/ladepeche.mr\/index.php?rest_route=\/wp\/v2\/media\/7120"}],"wp:attachment":[{"href":"https:\/\/ladepeche.mr\/index.php?rest_route=%2Fwp%2Fv2%2Fmedia&parent=7119"}],"wp:term":[{"taxonomy":"category","embeddable":true,"href":"https:\/\/ladepeche.mr\/index.php?rest_route=%2Fwp%2Fv2%2Fcategories&post=7119"},{"taxonomy":"post_tag","embeddable":true,"href":"https:\/\/ladepeche.mr\/index.php?rest_route=%2Fwp%2Fv2%2Ftags&post=7119"}],"curies":[{"name":"wp","href":"https:\/\/api.w.org\/{rel}","templated":true}]}}