{"id":7123,"date":"2023-09-11T21:22:34","date_gmt":"2023-09-11T21:22:34","guid":{"rendered":"https:\/\/ladepeche.mr\/?p=7123"},"modified":"2023-09-11T21:22:42","modified_gmt":"2023-09-11T21:22:42","slug":"maroc-seisme-tragique-les-autorites-marocaines-menent-par-etape-une-approche-conforme-aux-standards-internationaux","status":"publish","type":"post","link":"https:\/\/ladepeche.mr\/?p=7123","title":{"rendered":"Maroc\/ S\u00e9isme tragique : Les autorit\u00e9s marocaines m\u00e8nent par \u00e9tape une approche conforme aux standards internationaux"},"content":{"rendered":"<p>A la suite du tremblement de terre qui a secou\u00e9 la r\u00e9gion d&#8217;AI-Haouz au Maroc, les autorit\u00e9s marocaines m\u00e8nent depuis une strat\u00e9gie r\u00e9fl\u00e9chie par \u00e9tape et en fonction des besoins, selon les normes internationales. Cette chronologie a permis de relever que les autorit\u00e9s de ce pays avaient proc\u00e9d\u00e9, dans un premier temps, \u00e0 une \u00e9valuation minutieuse des besoins d&#8217;aide sur le terrain, conscientes du fait qu&#8217;une aide non coordonn\u00e9e sera sans doute contre-productive.<\/p>\n<p>N\u00e9anmoins, sur la base de cette \u00e9valuation, et en pareilles situation, les autorit\u00e9s marocaines n\u2019ont, \u00e0 aucun moment, rejet\u00e9 l\u2019aide internationale, mais avaient, \u00e0 un stade pr\u00e9cis, r\u00e9pondu favorablement, \u00e0 quelques offres de soutien manifest\u00e9es par des pays amis proposant de mettre \u00e0 disposition des \u00e9quipes en mati\u00e8re de secours et de sauvetage.<\/p>\n<p>Il s\u2019agit, en effet, de l\u2019Espagne, du Qatar, des \u00c9mirats Arabes Unis et du Royaume-Uni qui avaient propos\u00e9 au Maroc la mobilisation de leurs \u00e9quipes de recherche et de secours \u00bb, selon un communiqu\u00e9 de presse diffus\u00e9 dimanche soir par les autorit\u00e9s marocaines. Selon la m\u00eame d\u00e9marche de coordination critique lors de cette phase d&#8217;intervention, les \u00e9quipes d\u00e9p\u00each\u00e9es par ces pays \u00e9taient entr\u00e9es en contact op\u00e9rationnel avec leurs homologues marocains dans le cadre d\u2019une bonne coordination des op\u00e9rations.<\/p>\n<p>C\u2019est d\u2019ailleurs dans le cadre de la poursuite de ces op\u00e9rations de sauvetage et de secours qu\u2019une \u00e9valuation des besoins \u00e9tait possible. Cette \u00e9volution pourrait s\u2019\u00e9tendre vers d&#8217;autres phases d\u2019appui comme la mise en disposition d\u2019autres formes ou implication \u00e9ventuelle d&#8217;autres pays.<\/p>\n<p>Le Maroc se f\u00e9licite toutefois de cet \u00e9lan de solidarit\u00e9 et de mobilisation des diff\u00e9rentes r\u00e9gions du monde, note-t-on officiellement. Une attitude qui t\u00e9moigne de la consid\u00e9ration et de la reconnaissance de ces pays de l&#8217;engagement du Maroc et ses nombreuses contributions aux actions de soutien, notamment humanitaires men\u00e9es conform\u00e9ment aux Hautes Orientations Royales.<\/p>\n<p>A titre de rappel, \u00e0 la suite de ce s\u00e9isme tragique, Sa Majest\u00e9 le Roi Mohammed VI avait exprim\u00e9 lors d\u2019une s\u00e9ance de travail \u2018\u2019 les remerciements les plus sinc\u00e8res du Royaume du Maroc \u00e0 l&#8217;\u00e9gard des nombreux pays fr\u00e8res et amis qui avaient exprim\u00e9 leur solidarit\u00e9 avec le peuple marocain dans cette situation difficile et dont plusieurs avaient t\u00e9moign\u00e9 de leur disponibilit\u00e9 \u00e0 apporter aide et assistance dans ces circonstances particuli\u00e8res&#8221;.<br \/>\n(avec m\u00e9dias)<\/p>\n","protected":false},"excerpt":{"rendered":"<p>A la suite du tremblement de terre qui a secou\u00e9 la r\u00e9gion d&#8217;AI-Haouz au Maroc, les autorit\u00e9s marocaines m\u00e8nent depuis une strat\u00e9gie r\u00e9fl\u00e9chie par \u00e9tape et en fonction des besoins, selon les normes internationales. Cette chronologie a permis de relever que les autorit\u00e9s de ce pays avaient proc\u00e9d\u00e9, dans un premier temps, \u00e0 une \u00e9valuation &hellip;<\/p>\n","protected":false},"author":2,"featured_media":7124,"comment_status":"open","ping_status":"open","sticky":false,"template":"","format":"standard","meta":{"footnotes":""},"categories":[18,29],"tags":[],"class_list":["post-7123","post","type-post","status-publish","format-standard","has-post-thumbnail","hentry","category-actualites","category-monde"],"_links":{"self":[{"href":"https:\/\/ladepeche.mr\/index.php?rest_route=\/wp\/v2\/posts\/7123","targetHints":{"allow":["GET"]}}],"collection":[{"href":"https:\/\/ladepeche.mr\/index.php?rest_route=\/wp\/v2\/posts"}],"about":[{"href":"https:\/\/ladepeche.mr\/index.php?rest_route=\/wp\/v2\/types\/post"}],"author":[{"embeddable":true,"href":"https:\/\/ladepeche.mr\/index.php?rest_route=\/wp\/v2\/users\/2"}],"replies":[{"embeddable":true,"href":"https:\/\/ladepeche.mr\/index.php?rest_route=%2Fwp%2Fv2%2Fcomments&post=7123"}],"version-history":[{"count":1,"href":"https:\/\/ladepeche.mr\/index.php?rest_route=\/wp\/v2\/posts\/7123\/revisions"}],"predecessor-version":[{"id":7125,"href":"https:\/\/ladepeche.mr\/index.php?rest_route=\/wp\/v2\/posts\/7123\/revisions\/7125"}],"wp:featuredmedia":[{"embeddable":true,"href":"https:\/\/ladepeche.mr\/index.php?rest_route=\/wp\/v2\/media\/7124"}],"wp:attachment":[{"href":"https:\/\/ladepeche.mr\/index.php?rest_route=%2Fwp%2Fv2%2Fmedia&parent=7123"}],"wp:term":[{"taxonomy":"category","embeddable":true,"href":"https:\/\/ladepeche.mr\/index.php?rest_route=%2Fwp%2Fv2%2Fcategories&post=7123"},{"taxonomy":"post_tag","embeddable":true,"href":"https:\/\/ladepeche.mr\/index.php?rest_route=%2Fwp%2Fv2%2Ftags&post=7123"}],"curies":[{"name":"wp","href":"https:\/\/api.w.org\/{rel}","templated":true}]}}