{"id":7126,"date":"2023-09-12T22:38:18","date_gmt":"2023-09-12T22:38:18","guid":{"rendered":"https:\/\/ladepeche.mr\/?p=7126"},"modified":"2023-09-12T22:38:18","modified_gmt":"2023-09-12T22:38:18","slug":"le-ministre-de-leconomie-recoit-en-audience-la-representante-residente-de-la-banque-mondiale","status":"publish","type":"post","link":"https:\/\/ladepeche.mr\/?p=7126","title":{"rendered":"Le ministre de l&#8217;Economie re\u00e7oit en audience la repr\u00e9sentante r\u00e9sidente de la Banque Mondiale"},"content":{"rendered":"<p>Son Excellence le ministre de l&#8217;\u00c9conomie et du D\u00e9veloppement Durable, Abdessalam Ould Mohamed Saleh a re\u00e7u en audience, ce mardi matin, dans son bureau la repr\u00e9sentante r\u00e9sidente de la Banque Mondiale dans notre pays, Mme. Cristina Santos.<\/p>\n<p>L&#8217;audience a discut\u00e9 les diff\u00e9rents aspects des relations de coop\u00e9ration existantes entre notre pays et la banque mondiale et des moyens susceptibles de renforcer ces relations.<\/p>\n<p>La r\u00e9union s&#8217;est d\u00e9roul\u00e9e en pr\u00e9sence du directeur g\u00e9n\u00e9ral des financements et de la coop\u00e9ration \u00e9conomique, M. Mohamed Salem Ould Nani.<br \/>\nMEcDD<\/p>\n","protected":false},"excerpt":{"rendered":"<p>Son Excellence le ministre de l&#8217;\u00c9conomie et du D\u00e9veloppement Durable, Abdessalam Ould Mohamed Saleh a re\u00e7u en audience, ce mardi matin, dans son bureau la repr\u00e9sentante r\u00e9sidente de la Banque Mondiale dans notre pays, Mme. Cristina Santos. L&#8217;audience a discut\u00e9 les diff\u00e9rents aspects des relations de coop\u00e9ration existantes entre notre pays et la banque mondiale &hellip;<\/p>\n","protected":false},"author":2,"featured_media":7127,"comment_status":"open","ping_status":"open","sticky":false,"template":"","format":"standard","meta":{"footnotes":""},"categories":[18,2],"tags":[],"class_list":["post-7126","post","type-post","status-publish","format-standard","has-post-thumbnail","hentry","category-actualites","category-economie"],"_links":{"self":[{"href":"https:\/\/ladepeche.mr\/index.php?rest_route=\/wp\/v2\/posts\/7126","targetHints":{"allow":["GET"]}}],"collection":[{"href":"https:\/\/ladepeche.mr\/index.php?rest_route=\/wp\/v2\/posts"}],"about":[{"href":"https:\/\/ladepeche.mr\/index.php?rest_route=\/wp\/v2\/types\/post"}],"author":[{"embeddable":true,"href":"https:\/\/ladepeche.mr\/index.php?rest_route=\/wp\/v2\/users\/2"}],"replies":[{"embeddable":true,"href":"https:\/\/ladepeche.mr\/index.php?rest_route=%2Fwp%2Fv2%2Fcomments&post=7126"}],"version-history":[{"count":1,"href":"https:\/\/ladepeche.mr\/index.php?rest_route=\/wp\/v2\/posts\/7126\/revisions"}],"predecessor-version":[{"id":7128,"href":"https:\/\/ladepeche.mr\/index.php?rest_route=\/wp\/v2\/posts\/7126\/revisions\/7128"}],"wp:featuredmedia":[{"embeddable":true,"href":"https:\/\/ladepeche.mr\/index.php?rest_route=\/wp\/v2\/media\/7127"}],"wp:attachment":[{"href":"https:\/\/ladepeche.mr\/index.php?rest_route=%2Fwp%2Fv2%2Fmedia&parent=7126"}],"wp:term":[{"taxonomy":"category","embeddable":true,"href":"https:\/\/ladepeche.mr\/index.php?rest_route=%2Fwp%2Fv2%2Fcategories&post=7126"},{"taxonomy":"post_tag","embeddable":true,"href":"https:\/\/ladepeche.mr\/index.php?rest_route=%2Fwp%2Fv2%2Ftags&post=7126"}],"curies":[{"name":"wp","href":"https:\/\/api.w.org\/{rel}","templated":true}]}}