{"id":7139,"date":"2023-09-13T12:07:39","date_gmt":"2023-09-13T12:07:39","guid":{"rendered":"https:\/\/ladepeche.mr\/?p=7139"},"modified":"2023-09-13T11:10:14","modified_gmt":"2023-09-13T11:10:14","slug":"economie-abdessalam-ould-mohamed-saleh-sentretient-avec-le-directeur-regional-du-fida","status":"publish","type":"post","link":"https:\/\/ladepeche.mr\/?p=7139","title":{"rendered":"Economie: Abdessalam Ould Mohamed Saleh s&#8217;entretient avec le Directeur r\u00e9gional du FIDA"},"content":{"rendered":"<p>Son Excellence le ministre de l&#8217;Economie et du D\u00e9veloppement Durable, Abdessalam Ould Mohamed Saleh, a tenu, ce mardi apr\u00e8s-midi, dans son bureau, une s\u00e9ance d&#8217;entretien avec le Directeur R\u00e9gional de la division de l&#8217;Afrique de l&#8217;ouest et du Centre du Fonds International de D\u00e9veloppement Agricole, Bernard Mwinyel Hien, accompagn\u00e9 du Directeur charg\u00e9 de la Mauritanie,  Marcelin Norvilus.<\/p>\n<p>Les deux parties ont discut\u00e9 des  diff\u00e9rents aspects de la coop\u00e9ration, en particulier dans le domaine du d\u00e9veloppement agricole afin de parvenir \u00e0 une croissance \u00e9conomique durable en acc\u00e9l\u00e9rant et en am\u00e9liorant l&#8217;efficacit\u00e9 de la mise en \u0153uvre des projets financ\u00e9s par le FIDA.<\/p>\n<p>Les deux parties ont \u00e9galement examin\u00e9 les moyens susceptibles d&#8217;am\u00e9liorer la durabilit\u00e9 environnementale et \u00e9conomique du secteur agricole.<\/p>\n<p>La r\u00e9union s&#8217;est d\u00e9roul\u00e9e en pr\u00e9sence du directeur g\u00e9n\u00e9ral des financements et de la coop\u00e9ration \u00e9conomique, M. Mohamed Salem Ould Nani.<\/p>\n","protected":false},"excerpt":{"rendered":"<p>Son Excellence le ministre de l&#8217;Economie et du D\u00e9veloppement Durable, Abdessalam Ould Mohamed Saleh, a tenu, ce mardi apr\u00e8s-midi, dans son bureau, une s\u00e9ance d&#8217;entretien avec le Directeur R\u00e9gional de la division de l&#8217;Afrique de l&#8217;ouest et du Centre du Fonds International de D\u00e9veloppement Agricole, Bernard Mwinyel Hien, accompagn\u00e9 du Directeur charg\u00e9 de la Mauritanie, &hellip;<\/p>\n","protected":false},"author":2,"featured_media":7140,"comment_status":"open","ping_status":"open","sticky":false,"template":"","format":"standard","meta":{"footnotes":""},"categories":[18,2],"tags":[],"class_list":["post-7139","post","type-post","status-publish","format-standard","has-post-thumbnail","hentry","category-actualites","category-economie"],"_links":{"self":[{"href":"https:\/\/ladepeche.mr\/index.php?rest_route=\/wp\/v2\/posts\/7139","targetHints":{"allow":["GET"]}}],"collection":[{"href":"https:\/\/ladepeche.mr\/index.php?rest_route=\/wp\/v2\/posts"}],"about":[{"href":"https:\/\/ladepeche.mr\/index.php?rest_route=\/wp\/v2\/types\/post"}],"author":[{"embeddable":true,"href":"https:\/\/ladepeche.mr\/index.php?rest_route=\/wp\/v2\/users\/2"}],"replies":[{"embeddable":true,"href":"https:\/\/ladepeche.mr\/index.php?rest_route=%2Fwp%2Fv2%2Fcomments&post=7139"}],"version-history":[{"count":1,"href":"https:\/\/ladepeche.mr\/index.php?rest_route=\/wp\/v2\/posts\/7139\/revisions"}],"predecessor-version":[{"id":7141,"href":"https:\/\/ladepeche.mr\/index.php?rest_route=\/wp\/v2\/posts\/7139\/revisions\/7141"}],"wp:featuredmedia":[{"embeddable":true,"href":"https:\/\/ladepeche.mr\/index.php?rest_route=\/wp\/v2\/media\/7140"}],"wp:attachment":[{"href":"https:\/\/ladepeche.mr\/index.php?rest_route=%2Fwp%2Fv2%2Fmedia&parent=7139"}],"wp:term":[{"taxonomy":"category","embeddable":true,"href":"https:\/\/ladepeche.mr\/index.php?rest_route=%2Fwp%2Fv2%2Fcategories&post=7139"},{"taxonomy":"post_tag","embeddable":true,"href":"https:\/\/ladepeche.mr\/index.php?rest_route=%2Fwp%2Fv2%2Ftags&post=7139"}],"curies":[{"name":"wp","href":"https:\/\/api.w.org\/{rel}","templated":true}]}}