{"id":7150,"date":"2023-09-13T16:09:33","date_gmt":"2023-09-13T16:09:33","guid":{"rendered":"https:\/\/ladepeche.mr\/?p=7150"},"modified":"2023-09-13T16:09:33","modified_gmt":"2023-09-13T16:09:33","slug":"maroc-seisme-dal-haouz-le-roi-du-maroc-se-rend-au-chevet-des-blesses-et-effectue-un-don-de-sang","status":"publish","type":"post","link":"https:\/\/ladepeche.mr\/?p=7150","title":{"rendered":"Maroc\/ S\u00e9isme d&#8217;Al-Haouz : Le Roi du Maroc se rend au chevet des bless\u00e9s et effectue un don de sang"},"content":{"rendered":"<p>Sa Majest\u00e9 le Roi Mohammed VI s\u2019est rendu, mardi apr\u00e8s-midi, au Centre Hospitalier Universitaire &#8220;Mohammed VI&#8221; de Marrakech o\u00f9 le Souverain S&#8217;est enquis de l&#8217;\u00e9tat de sant\u00e9 des bless\u00e9s, victimes du douloureux tremblement de terre survenu le vendredi 8 septembre et qui a occasionn\u00e9 d\u2019importantes pertes humaines et mat\u00e9rielles dans plusieurs r\u00e9gions du Royaume.<\/p>\n<p>Ainsi, Sa Majest\u00e9 le Roi a visit\u00e9 le service de r\u00e9animation et celui d\u2019hospitalisation des victimes du s\u00e9isme o\u00f9 le Souverain S&#8217;est inform\u00e9 de l&#8217;\u00e9tat de sant\u00e9 des personnes bless\u00e9es ainsi que des soins qui leur sont prodigu\u00e9s par les \u00e9quipes m\u00e9dicales mobilis\u00e9es \u00e0 la suite de cette catastrophe naturelle d\u2019ampleur.<\/p>\n<p>Cette initiative Royale d\u2019un grand soutien moral aux bless\u00e9s et \u00e0 leurs familles vient conforter les diff\u00e9rentes initiatives et mesures prises, conform\u00e9ment aux Hautes Instructions Royales, pour secourir, assister et accompagner les personnes affect\u00e9es par le s\u00e9isme d\u2019Al-Haouz.<\/p>\n<p>Quelque 2.171 bless\u00e9s ont \u00e9t\u00e9 admis aux diff\u00e9rents centres hospitaliers de la r\u00e9gion de Marrakech-Safi, dont 484 bless\u00e9s majeurs et 1.570 bless\u00e9s mineurs. 248 personnes sont encore hospitalis\u00e9es.<\/p>\n<p>A cette occasion, SM le Roi Mohammed VI a bien voulu faire don de Son sang, un geste fort qui t\u00e9moigne \u00e9galement de la bienveillance Royale et exprime l\u2019enti\u00e8re solidarit\u00e9 du Souverain et Sa totale compassion aux victimes et aux familles \u00e9plor\u00e9es.<\/p>\n<p>La visite de Sa Majest\u00e9 le Roi au CHU \u00abMohammed VI\u00bb traduit la Haute sollicitude dont le Souverain entoure les victimes du s\u00e9isme d\u2019Al-Haouz, et vient consacrer la symbiose qui existe entre Sa Majest\u00e9 le Roi et Son peuple dans l&#8217;heur et le malheur et qui permet au Royaume du Maroc de g\u00e9rer les crises du moment et d&#8217;entrevoir l&#8217;avenir avec enthousiasme et d\u00e9termination.<br \/>\n(avec m\u00e9dias)<\/p>\n","protected":false},"excerpt":{"rendered":"<p>Sa Majest\u00e9 le Roi Mohammed VI s\u2019est rendu, mardi apr\u00e8s-midi, au Centre Hospitalier Universitaire &#8220;Mohammed VI&#8221; de Marrakech o\u00f9 le Souverain S&#8217;est enquis de l&#8217;\u00e9tat de sant\u00e9 des bless\u00e9s, victimes du douloureux tremblement de terre survenu le vendredi 8 septembre et qui a occasionn\u00e9 d\u2019importantes pertes humaines et mat\u00e9rielles dans plusieurs r\u00e9gions du Royaume. Ainsi, &hellip;<\/p>\n","protected":false},"author":2,"featured_media":7151,"comment_status":"open","ping_status":"open","sticky":false,"template":"","format":"standard","meta":{"footnotes":""},"categories":[18,29],"tags":[],"class_list":["post-7150","post","type-post","status-publish","format-standard","has-post-thumbnail","hentry","category-actualites","category-monde"],"_links":{"self":[{"href":"https:\/\/ladepeche.mr\/index.php?rest_route=\/wp\/v2\/posts\/7150","targetHints":{"allow":["GET"]}}],"collection":[{"href":"https:\/\/ladepeche.mr\/index.php?rest_route=\/wp\/v2\/posts"}],"about":[{"href":"https:\/\/ladepeche.mr\/index.php?rest_route=\/wp\/v2\/types\/post"}],"author":[{"embeddable":true,"href":"https:\/\/ladepeche.mr\/index.php?rest_route=\/wp\/v2\/users\/2"}],"replies":[{"embeddable":true,"href":"https:\/\/ladepeche.mr\/index.php?rest_route=%2Fwp%2Fv2%2Fcomments&post=7150"}],"version-history":[{"count":2,"href":"https:\/\/ladepeche.mr\/index.php?rest_route=\/wp\/v2\/posts\/7150\/revisions"}],"predecessor-version":[{"id":7153,"href":"https:\/\/ladepeche.mr\/index.php?rest_route=\/wp\/v2\/posts\/7150\/revisions\/7153"}],"wp:featuredmedia":[{"embeddable":true,"href":"https:\/\/ladepeche.mr\/index.php?rest_route=\/wp\/v2\/media\/7151"}],"wp:attachment":[{"href":"https:\/\/ladepeche.mr\/index.php?rest_route=%2Fwp%2Fv2%2Fmedia&parent=7150"}],"wp:term":[{"taxonomy":"category","embeddable":true,"href":"https:\/\/ladepeche.mr\/index.php?rest_route=%2Fwp%2Fv2%2Fcategories&post=7150"},{"taxonomy":"post_tag","embeddable":true,"href":"https:\/\/ladepeche.mr\/index.php?rest_route=%2Fwp%2Fv2%2Ftags&post=7150"}],"curies":[{"name":"wp","href":"https:\/\/api.w.org\/{rel}","templated":true}]}}