{"id":7154,"date":"2023-09-13T16:30:16","date_gmt":"2023-09-13T16:30:16","guid":{"rendered":"https:\/\/ladepeche.mr\/?p=7154"},"modified":"2023-09-13T16:15:35","modified_gmt":"2023-09-13T16:15:35","slug":"economie-le-president-de-la-republique-preside-les-travaux-de-la-deuxieme-reunion-du-conseil-superieur-de-linvestissement","status":"publish","type":"post","link":"https:\/\/ladepeche.mr\/?p=7154","title":{"rendered":"Economie: Le Pr\u00e9sident de la R\u00e9publique pr\u00e9side les travaux de la deuxi\u00e8me r\u00e9union du conseil sup\u00e9rieur de l\u2019investissement"},"content":{"rendered":"<p>Le Pr\u00e9sident de la R\u00e9publique, Son Excellence Monsieur Mohamed Ould Cheikh El Ghazouani, a pr\u00e9sid\u00e9 mercredi, au centre international des conf\u00e9rences de Nouakchott, les travaux de la deuxi\u00e8me r\u00e9union du conseil sup\u00e9rieur de l\u2019investissement en Mauritanie.<\/p>\n<p>Le conseil examinera, au cours de cette r\u00e9union, les possibilit\u00e9s d\u2019investissement en Mauritanie, les r\u00e9formes n\u00e9cessaires pour surmonter les obstacles qui entravent l\u2019investissement et les investisseurs en plus du rapport sur le suivi des recommandations de la premi\u00e8re r\u00e9union du Conseil, notamment en ce qui concerne la r\u00e9alit\u00e9 de l\u2019environnement d\u2019investissement en Mauritanie, ainsi que les probl\u00e8mes et contraintes qui emp\u00eachent le processus d\u2019investissement.<\/p>\n<p>Le conseil regroupe les employeurs et des propri\u00e9taires d\u2019entreprises \u00e9trang\u00e8res ayant une exp\u00e9rience dans le domaine de l\u2019investissement en Mauritanie, les employeurs de Mauritanie, Les propri\u00e9taires de grandes entreprises actives dans les divers secteurs \u00e9conomiques, ainsi que des repr\u00e9sentants d\u2019organisations professionnelles int\u00e9ress\u00e9es par les opportunit\u00e9s et les conditions d\u2019investissement en Mauritanie, et certaines personnalit\u00e9s ayant une large exp\u00e9rience professionnelle dans le monde des affaires internationales.<br \/>\nAmi<\/p>\n","protected":false},"excerpt":{"rendered":"<p>Le Pr\u00e9sident de la R\u00e9publique, Son Excellence Monsieur Mohamed Ould Cheikh El Ghazouani, a pr\u00e9sid\u00e9 mercredi, au centre international des conf\u00e9rences de Nouakchott, les travaux de la deuxi\u00e8me r\u00e9union du conseil sup\u00e9rieur de l\u2019investissement en Mauritanie. Le conseil examinera, au cours de cette r\u00e9union, les possibilit\u00e9s d\u2019investissement en Mauritanie, les r\u00e9formes n\u00e9cessaires pour surmonter les &hellip;<\/p>\n","protected":false},"author":2,"featured_media":7145,"comment_status":"open","ping_status":"open","sticky":false,"template":"","format":"standard","meta":{"footnotes":""},"categories":[18,2],"tags":[],"class_list":["post-7154","post","type-post","status-publish","format-standard","has-post-thumbnail","hentry","category-actualites","category-economie"],"_links":{"self":[{"href":"https:\/\/ladepeche.mr\/index.php?rest_route=\/wp\/v2\/posts\/7154","targetHints":{"allow":["GET"]}}],"collection":[{"href":"https:\/\/ladepeche.mr\/index.php?rest_route=\/wp\/v2\/posts"}],"about":[{"href":"https:\/\/ladepeche.mr\/index.php?rest_route=\/wp\/v2\/types\/post"}],"author":[{"embeddable":true,"href":"https:\/\/ladepeche.mr\/index.php?rest_route=\/wp\/v2\/users\/2"}],"replies":[{"embeddable":true,"href":"https:\/\/ladepeche.mr\/index.php?rest_route=%2Fwp%2Fv2%2Fcomments&post=7154"}],"version-history":[{"count":1,"href":"https:\/\/ladepeche.mr\/index.php?rest_route=\/wp\/v2\/posts\/7154\/revisions"}],"predecessor-version":[{"id":7155,"href":"https:\/\/ladepeche.mr\/index.php?rest_route=\/wp\/v2\/posts\/7154\/revisions\/7155"}],"wp:featuredmedia":[{"embeddable":true,"href":"https:\/\/ladepeche.mr\/index.php?rest_route=\/wp\/v2\/media\/7145"}],"wp:attachment":[{"href":"https:\/\/ladepeche.mr\/index.php?rest_route=%2Fwp%2Fv2%2Fmedia&parent=7154"}],"wp:term":[{"taxonomy":"category","embeddable":true,"href":"https:\/\/ladepeche.mr\/index.php?rest_route=%2Fwp%2Fv2%2Fcategories&post=7154"},{"taxonomy":"post_tag","embeddable":true,"href":"https:\/\/ladepeche.mr\/index.php?rest_route=%2Fwp%2Fv2%2Ftags&post=7154"}],"curies":[{"name":"wp","href":"https:\/\/api.w.org\/{rel}","templated":true}]}}