{"id":7202,"date":"2023-09-17T20:02:15","date_gmt":"2023-09-17T20:02:15","guid":{"rendered":"https:\/\/ladepeche.mr\/?p=7202"},"modified":"2023-09-17T20:17:49","modified_gmt":"2023-09-17T20:17:49","slug":"ligue-des-champions-nouadhibou-prend-une-serieuse-option-face-a-bamako","status":"publish","type":"post","link":"https:\/\/ladepeche.mr\/?p=7202","title":{"rendered":"Ligue des Champions : Nouadhibou prend une s\u00e9rieuse option face \u00e0 Bamako"},"content":{"rendered":"<p> Le FC Nouadhibou a surclass\u00e9 le Real de Bamako, au stade du 26 mars (3-0),ce samedi 16 septembre, pour le compte du second tour des pr\u00e9liminaires aller de la Ligue des Champions.<\/p>\n<p>Gr\u00e2ce \u00e0 Oumar Mangane (58&#8242;) et Sidi Bouna Amar (72 et 85&#8242;), le club de la capitale \u00e9conomique a fait un grand pas vers la qualification avant le match retour \u00e0 Nouakchott.<\/p>\n<p>Les poulains du coach espagnol Ariz Lopez Garay ont remport\u00e9 un pr\u00e9cieux succ\u00e8s qui leur entrouvre la porte de la phase de groupe mais, s&#8217;ils veulent l&#8217;ouvrir compl\u00e8tement, ils devront confirmer ce r\u00e9sultat dimanche prochain, \u00e0 Cheikha.<br \/>\nvia cridem<\/p>\n","protected":false},"excerpt":{"rendered":"<p>Le FC Nouadhibou a surclass\u00e9 le Real de Bamako, au stade du 26 mars (3-0),ce samedi 16 septembre, pour le compte du second tour des pr\u00e9liminaires aller de la Ligue des Champions. Gr\u00e2ce \u00e0 Oumar Mangane (58&#8242;) et Sidi Bouna Amar (72 et 85&#8242;), le club de la capitale \u00e9conomique a fait un grand pas &hellip;<\/p>\n","protected":false},"author":2,"featured_media":7203,"comment_status":"open","ping_status":"open","sticky":false,"template":"","format":"standard","meta":{"footnotes":""},"categories":[18,17],"tags":[],"class_list":["post-7202","post","type-post","status-publish","format-standard","has-post-thumbnail","hentry","category-actualites","category-sports"],"_links":{"self":[{"href":"https:\/\/ladepeche.mr\/index.php?rest_route=\/wp\/v2\/posts\/7202","targetHints":{"allow":["GET"]}}],"collection":[{"href":"https:\/\/ladepeche.mr\/index.php?rest_route=\/wp\/v2\/posts"}],"about":[{"href":"https:\/\/ladepeche.mr\/index.php?rest_route=\/wp\/v2\/types\/post"}],"author":[{"embeddable":true,"href":"https:\/\/ladepeche.mr\/index.php?rest_route=\/wp\/v2\/users\/2"}],"replies":[{"embeddable":true,"href":"https:\/\/ladepeche.mr\/index.php?rest_route=%2Fwp%2Fv2%2Fcomments&post=7202"}],"version-history":[{"count":1,"href":"https:\/\/ladepeche.mr\/index.php?rest_route=\/wp\/v2\/posts\/7202\/revisions"}],"predecessor-version":[{"id":7204,"href":"https:\/\/ladepeche.mr\/index.php?rest_route=\/wp\/v2\/posts\/7202\/revisions\/7204"}],"wp:featuredmedia":[{"embeddable":true,"href":"https:\/\/ladepeche.mr\/index.php?rest_route=\/wp\/v2\/media\/7203"}],"wp:attachment":[{"href":"https:\/\/ladepeche.mr\/index.php?rest_route=%2Fwp%2Fv2%2Fmedia&parent=7202"}],"wp:term":[{"taxonomy":"category","embeddable":true,"href":"https:\/\/ladepeche.mr\/index.php?rest_route=%2Fwp%2Fv2%2Fcategories&post=7202"},{"taxonomy":"post_tag","embeddable":true,"href":"https:\/\/ladepeche.mr\/index.php?rest_route=%2Fwp%2Fv2%2Ftags&post=7202"}],"curies":[{"name":"wp","href":"https:\/\/api.w.org\/{rel}","templated":true}]}}