{"id":7217,"date":"2023-09-19T16:42:27","date_gmt":"2023-09-19T16:42:27","guid":{"rendered":"https:\/\/ladepeche.mr\/?p=7217"},"modified":"2023-09-19T16:42:27","modified_gmt":"2023-09-19T16:42:27","slug":"nomination-de-m-hamadi-ould-meimou-au-poste-de-haut-representant-de-la-coalition-pour-le-sahel","status":"publish","type":"post","link":"https:\/\/ladepeche.mr\/?p=7217","title":{"rendered":"Nomination de M. Hamadi Ould Meimou au poste de Haut repr\u00e9sentant de la coalition pour le Sahel."},"content":{"rendered":"<p>Le ministre des Affaires \u00e9trang\u00e8res, de la Coop\u00e9ration et des Mauritaniens de l\u2019Ext\u00e9rieur, M. Mohamed Salem Ould Merzoug et SEM Jones Guillem, ambassadeur et Chef de la D\u00e9l\u00e9gation de l\u2019Union Europ\u00e9enne en Mauritanie se f\u00e9licitent, dans un communiqu\u00e9 commun, de la nomination de M. Hamadi Meimou au poste de Haut repr\u00e9sentant de la coalition pour le Sahel.<\/p>\n<p>M. Hamadi Meimou prendra la succession du Dr. Djim\u00e9 Adoum dans un contexte d\u2019attention accrue face aux d\u00e9fis du Sahel.<\/p>\n<p>Il servira l\u2019ambition de la Coalition de soutenir l\u2019indispensable coordination des efforts africains et internationaux face aux d\u00e9fis de la r\u00e9gion et de ses populations.<br \/>\nAmi<\/p>\n","protected":false},"excerpt":{"rendered":"<p>Le ministre des Affaires \u00e9trang\u00e8res, de la Coop\u00e9ration et des Mauritaniens de l\u2019Ext\u00e9rieur, M. Mohamed Salem Ould Merzoug et SEM Jones Guillem, ambassadeur et Chef de la D\u00e9l\u00e9gation de l\u2019Union Europ\u00e9enne en Mauritanie se f\u00e9licitent, dans un communiqu\u00e9 commun, de la nomination de M. Hamadi Meimou au poste de Haut repr\u00e9sentant de la coalition pour &hellip;<\/p>\n","protected":false},"author":2,"featured_media":7218,"comment_status":"open","ping_status":"open","sticky":false,"template":"","format":"standard","meta":{"footnotes":""},"categories":[18,29,28],"tags":[],"class_list":["post-7217","post","type-post","status-publish","format-standard","has-post-thumbnail","hentry","category-actualites","category-monde","category-sahel"],"_links":{"self":[{"href":"https:\/\/ladepeche.mr\/index.php?rest_route=\/wp\/v2\/posts\/7217","targetHints":{"allow":["GET"]}}],"collection":[{"href":"https:\/\/ladepeche.mr\/index.php?rest_route=\/wp\/v2\/posts"}],"about":[{"href":"https:\/\/ladepeche.mr\/index.php?rest_route=\/wp\/v2\/types\/post"}],"author":[{"embeddable":true,"href":"https:\/\/ladepeche.mr\/index.php?rest_route=\/wp\/v2\/users\/2"}],"replies":[{"embeddable":true,"href":"https:\/\/ladepeche.mr\/index.php?rest_route=%2Fwp%2Fv2%2Fcomments&post=7217"}],"version-history":[{"count":1,"href":"https:\/\/ladepeche.mr\/index.php?rest_route=\/wp\/v2\/posts\/7217\/revisions"}],"predecessor-version":[{"id":7219,"href":"https:\/\/ladepeche.mr\/index.php?rest_route=\/wp\/v2\/posts\/7217\/revisions\/7219"}],"wp:featuredmedia":[{"embeddable":true,"href":"https:\/\/ladepeche.mr\/index.php?rest_route=\/wp\/v2\/media\/7218"}],"wp:attachment":[{"href":"https:\/\/ladepeche.mr\/index.php?rest_route=%2Fwp%2Fv2%2Fmedia&parent=7217"}],"wp:term":[{"taxonomy":"category","embeddable":true,"href":"https:\/\/ladepeche.mr\/index.php?rest_route=%2Fwp%2Fv2%2Fcategories&post=7217"},{"taxonomy":"post_tag","embeddable":true,"href":"https:\/\/ladepeche.mr\/index.php?rest_route=%2Fwp%2Fv2%2Ftags&post=7217"}],"curies":[{"name":"wp","href":"https:\/\/api.w.org\/{rel}","templated":true}]}}