{"id":7275,"date":"2023-09-21T22:36:46","date_gmt":"2023-09-21T22:36:46","guid":{"rendered":"https:\/\/ladepeche.mr\/?p=7275"},"modified":"2023-09-21T22:36:46","modified_gmt":"2023-09-21T22:36:46","slug":"maroc-presence-de-sar-le-prince-moulay-rachid-aux-funerailles-de-feue-aicha-el-khattabi-fille-de-mohamed-ben-abdelkrim-el-khattabi","status":"publish","type":"post","link":"https:\/\/ladepeche.mr\/?p=7275","title":{"rendered":"Maroc\/ Pr\u00e9sence de SAR le Prince Moulay Rachid aux fun\u00e9railles de feue A\u00efcha El Khattabi, fille de Mohamed Ben Abdelkrim El Khattabi"},"content":{"rendered":"<p>Les fun\u00e9railles de feue A\u00efcha El Khattabi, fille cadette de feu Mohamed Ben Abdelkrim El Khattabi, ont eu lieu, ce jeudi \u00e0 Casablanca, en pr\u00e9sence de Son Altesse Royale le Prince Moulay Rachid, membre de cette famille Royale marocaine qui a toujours entour\u00e9 et soutenu les familles des r\u00e9sistants de toute leur sollicitude, notamment celle d&#8217;Abdelkrim EL KHATTABI.<\/p>\n<p>C\u2019est apr\u00e8s les pri\u00e8res d&#8217;Addohr et du mort que la d\u00e9pouille de la d\u00e9funte a \u00e9t\u00e9 inhum\u00e9e au cimeti\u00e8re Errahma. Les obs\u00e8ques de la d\u00e9funte se sont d\u00e9roul\u00e9es en pr\u00e9sence des membres de sa famille et de ses proches, ainsi que de plusieurs personnalit\u00e9s.<\/p>\n<p>Feue A\u00efcha El Khattabi, p\u00e9trie de patriotisme \u00e0 l\u2019image de son d\u00e9funt p\u00e8re, est d\u00e9c\u00e9d\u00e9e, mercredi \u00e0 Casablanca, \u00e0 l&#8217;\u00e2ge de 81 ans des suites d&#8217;une longue maladie. N\u00e9e en 1942, Aicha a v\u00e9cu et \u00e9tudi\u00e9 en Egypte, avant de regagner la M\u00e8re-Patrie apr\u00e8s le d\u00e9c\u00e8s de son p\u00e8re.<\/p>\n<p>Titulaire d&#8217;un baccalaur\u00e9at de l\u2019American College for girls du Caire, la d\u00e9funte avait occup\u00e9, de son vivant, le poste de conseill\u00e8re \u00e0 la Fondation Mohamed Abdelkrim El Khattabi \u00e0 travers laquelle elle a multipli\u00e9 les bonnes oeuvres. Cette membre actif de la Soci\u00e9t\u00e9 musulmane de bienfaisance, avait assur\u00e9, entre 1991-2006, le poste de Directrice de la Clinique Villa Clara \u00e0 Casablanca.<\/p>\n<p>A l&#8217;occasion de la c\u00e9l\u00e9bration de la F\u00eate du Tr\u00f4ne, \u00a0le 30 juillet 2018, la d\u00e9funte A\u00efcha EL KHATTABI avait rencontr\u00e9 Sa Majest\u00e9 Le Roi. A l\u2019\u00e9poque, elle avait d\u00e9clar\u00e9 que \u2018\u2019 Le Roi Mohammed VI a toujours souhait\u00e9 voir cette r\u00e9gion conna\u00eetre davantage de prosp\u00e9rit\u00e9\u2019\u2019. Elle s\u2019\u00e9tait dite \u2018\u2019 convaincue que la population de la r\u00e9gion est consciente des efforts d\u00e9ploy\u00e9s par le Souverain pour promouvoir les conditions de vie des habitants, \u00e9mettant l\u2019espoir d\u2019un r\u00e8glement de la situation des personnes d\u00e9tenues\u2019\u2019 dans le cadre des \u00e9v\u00e8nements d\u2019Al Hoceima. <\/p>\n<p>Elle avait \u00e9galement rappel\u00e9 que \u2018\u2019 le Souverain avait contact\u00e9 sa famille, lors de son accession au Tr\u00f4ne, pour l\u2019informer de sa premi\u00e8re visite \u00e0 Al Hoceima et dans la r\u00e9gion du RIF que Mohammed VI ne cesse d\u2019accorder un int\u00e9r\u00eat tout\u00a0particulier\u2019\u2019.<br \/>\n(avec agences)<\/p>\n","protected":false},"excerpt":{"rendered":"<p>Les fun\u00e9railles de feue A\u00efcha El Khattabi, fille cadette de feu Mohamed Ben Abdelkrim El Khattabi, ont eu lieu, ce jeudi \u00e0 Casablanca, en pr\u00e9sence de Son Altesse Royale le Prince Moulay Rachid, membre de cette famille Royale marocaine qui a toujours entour\u00e9 et soutenu les familles des r\u00e9sistants de toute leur sollicitude, notamment celle &hellip;<\/p>\n","protected":false},"author":2,"featured_media":7276,"comment_status":"open","ping_status":"open","sticky":false,"template":"","format":"standard","meta":{"footnotes":""},"categories":[18,29],"tags":[],"class_list":["post-7275","post","type-post","status-publish","format-standard","has-post-thumbnail","hentry","category-actualites","category-monde"],"_links":{"self":[{"href":"https:\/\/ladepeche.mr\/index.php?rest_route=\/wp\/v2\/posts\/7275","targetHints":{"allow":["GET"]}}],"collection":[{"href":"https:\/\/ladepeche.mr\/index.php?rest_route=\/wp\/v2\/posts"}],"about":[{"href":"https:\/\/ladepeche.mr\/index.php?rest_route=\/wp\/v2\/types\/post"}],"author":[{"embeddable":true,"href":"https:\/\/ladepeche.mr\/index.php?rest_route=\/wp\/v2\/users\/2"}],"replies":[{"embeddable":true,"href":"https:\/\/ladepeche.mr\/index.php?rest_route=%2Fwp%2Fv2%2Fcomments&post=7275"}],"version-history":[{"count":1,"href":"https:\/\/ladepeche.mr\/index.php?rest_route=\/wp\/v2\/posts\/7275\/revisions"}],"predecessor-version":[{"id":7277,"href":"https:\/\/ladepeche.mr\/index.php?rest_route=\/wp\/v2\/posts\/7275\/revisions\/7277"}],"wp:featuredmedia":[{"embeddable":true,"href":"https:\/\/ladepeche.mr\/index.php?rest_route=\/wp\/v2\/media\/7276"}],"wp:attachment":[{"href":"https:\/\/ladepeche.mr\/index.php?rest_route=%2Fwp%2Fv2%2Fmedia&parent=7275"}],"wp:term":[{"taxonomy":"category","embeddable":true,"href":"https:\/\/ladepeche.mr\/index.php?rest_route=%2Fwp%2Fv2%2Fcategories&post=7275"},{"taxonomy":"post_tag","embeddable":true,"href":"https:\/\/ladepeche.mr\/index.php?rest_route=%2Fwp%2Fv2%2Ftags&post=7275"}],"curies":[{"name":"wp","href":"https:\/\/api.w.org\/{rel}","templated":true}]}}