{"id":7279,"date":"2023-09-21T22:43:25","date_gmt":"2023-09-21T22:43:25","guid":{"rendered":"https:\/\/ladepeche.mr\/?p=7279"},"modified":"2023-09-21T22:50:59","modified_gmt":"2023-09-21T22:50:59","slug":"le-president-dechu-du-niger-mohamed-bazoum-saisit-la-justice-ouest-africaine-pour-etre-libere","status":"publish","type":"post","link":"https:\/\/ladepeche.mr\/?p=7279","title":{"rendered":"Le pr\u00e9sident d\u00e9chu du Niger Mohamed Bazoum saisit la justice ouest-africaine pour \u00eatre lib\u00e9r\u00e9"},"content":{"rendered":"<p>L&#8217;avocat du pr\u00e9sident d\u00e9chu du Niger a annonc\u00e9 mercredi \u00e0 l&#8217;AFP avoir saisi la Cour de justice de la Communaut\u00e9 \u00e9conomique des \u00c9tats d&#8217;Afrique de l&#8217;Ouest pour que l&#8217;\u00c9tat du Niger soit &#8220;condamn\u00e9 au r\u00e9tablissement imm\u00e9diat de l&#8217;ordre constitutionnel par la remise du pouvoir au pr\u00e9sident Bazoum&#8221;.<br \/>\nLe pr\u00e9sident nig\u00e9rien d\u00e9chu Mohamed Bazoum a saisi la justice ouest-africaine pour obtenir sa lib\u00e9ration et le r\u00e9tablissement de l&#8217;ordre constitutionnel dans le pays, apr\u00e8s un coup d&#8217;\u00c9tat qui l&#8217;a renvers\u00e9 le 26 juillet, a annonc\u00e9 mercredi 20 septembre \u00e0 l&#8217;AFP son avocat s\u00e9n\u00e9galais, Seydou Diagne.<\/p>\n<p>&#8220;Nous demandons (&#8230;) au vu de la violation des droits politiques, que l&#8217;\u00c9tat du Niger soit condamn\u00e9 au r\u00e9tablissement imm\u00e9diat de l&#8217;ordre constitutionnel par la remise du pouvoir au pr\u00e9sident Bazoum qui doit continuer de l&#8217;exercer jusqu&#8217;\u00e0 la fin de son mandat le 2 avril 2026&#8221;, a-t-il d\u00e9clar\u00e9.<\/p>\n<p>La requ\u00eate d\u00e9pos\u00e9e devant la Cour de justice de la Communaut\u00e9 \u00e9conomique des \u00c9tats d&#8217;Afrique de l&#8217;Ouest (C\u00e9d\u00e9ao) le 18 septembre invoque &#8220;l&#8217;arrestation arbitraire&#8221; et &#8220;la violation de la libert\u00e9 d&#8217;aller et venir&#8221; du pr\u00e9sident Mohamed Bazoum, de sa femme Haziza et de son fils Salem, d\u00e9tenus avec lui au palais pr\u00e9sidentiel depuis le coup d\u2019\u00c9tat du 26 juillet.<\/p>\n<p>&#8220;Un combat par le droit&#8221;<br \/>\nSelon ma\u00eetre Diagne, ses clients sont &#8220;victimes de graves et intol\u00e9rables violations des droits de l&#8217;Homme. Ils ont le droit de saisir les juridictions comp\u00e9tentes. \u00c7a ne peut pas aggraver leur situation, c&#8217;est un motif d&#8217;espoir que justice leur soit rendue&#8221;. En cas de d\u00e9cision favorable, &#8220;l&#8217;\u00c9tat du Niger a(ura) l&#8217;obligation juridique d&#8217;ex\u00e9cuter la d\u00e9cision&#8221;, a-t-il assur\u00e9. &#8220;Ce qui nous int\u00e9resse, c&#8217;est d&#8217;obtenir une condamnation de l&#8217;\u00c9tat du Niger par une d\u00e9cision de justice. Le combat de Monsieur Bazoum est un combat par le droit&#8221;, a-t-il soulign\u00e9.<\/p>\n<p>Ma\u00eetre Seydou Diagne a affirm\u00e9 que &#8220;le g\u00e9n\u00e9ral Tiani n&#8217;est pas habilit\u00e9 par la loi nig\u00e9rienne pour proc\u00e9der \u00e0 des arrestations. Il a \u00e9t\u00e9 nomm\u00e9 par d\u00e9cret depuis 2011 pour assurer la s\u00e9curit\u00e9 du pr\u00e9sident&#8221;.<\/p>\n<p>La Cour de justice de l&#8217;organisation est la principale juridiction de la C\u00e9d\u00e9ao, compos\u00e9e de 5 juges choisis parmi les ressortissants des \u00c9tats membres.<\/p>\n<p>Mi-ao\u00fbt, les auteurs du coup d&#8217;\u00c9tat avaient de leur c\u00f4t\u00e9 annonc\u00e9 leur intention de &#8220;poursuivre&#8221; Mohamed Bazoum pour &#8220;haute trahison&#8221; et &#8220;atteinte \u00e0 la s\u00fbret\u00e9&#8221; du pays.<\/p>\n<p>Bazoum et la C\u00e9d\u00e9ao soutenus<br \/>\nLa C\u00e9d\u00e9ao menace les auteurs du coup d&#8217;\u00c9tat d&#8217;une intervention militaire depuis le 30 juillet pour r\u00e9tablir l&#8217;ordre constitutionnel. Elle avait annonc\u00e9 que le jour et les modalit\u00e9s de l&#8217;op\u00e9ration avaient \u00e9t\u00e9 d\u00e9cid\u00e9s, priorisant toutefois la voie diplomatique. Mais elle reste d\u00e9sormais relativement silencieuse, bien que soutenue par plusieurs pays occidentaux.<\/p>\n<p>L&#8217;Union europ\u00e9enne (UE) a rappel\u00e9 mercredi son &#8220;soutien \u00e0 la position de la C\u00e9d\u00e9ao&#8221;, appelant une nouvelle fois &#8220;\u00e0 la lib\u00e9ration imm\u00e9diate et inconditionnelle du pr\u00e9sident Bazoum et de sa famille&#8221;, et &#8220;ne reconna\u00eet pas les autorit\u00e9s issues du putsch&#8221;, a affirm\u00e9 \u00e0 l&#8217;AFP Nabila Massrali, porte-parole du chef de la diplomatie de l&#8217;UE, Josep Borrell.<br \/>\nDes propos formul\u00e9s le lendemain d&#8217;une convocation de l&#8217;ambassadeur de l&#8217;UE \u00e0 Niamey, Salvador Pinto da Fran\u00e7a, par le Premier ministre du Niger nomm\u00e9 par les militaires au pouvoir, Ali Mahaman Lamine Zeine.<\/p>\n<p>La C\u00e9d\u00e9ao est \u00e9galement soutenue par la France, engag\u00e9e dans un bras de fer avec le r\u00e9gime militaire. Paris a suspendu d\u00e9but ao\u00fbt la d\u00e9livrance de visas \u00e0 Niamey \u2013 suspendue \u00e9galement \u00e0 Ouagadougou (Burkina) et Bamako (Mali) \u2013 pour entrer sur son territoire. <\/p>\n<p>Paris refuse aussi le retour en France de son ambassadeur \u00e0 Niamey, Sylvain Itt\u00e9, &#8220;pris en otage&#8221; selon Emmanuel Macron, et dont l&#8217;expulsion a \u00e9t\u00e9 ordonn\u00e9e par les g\u00e9n\u00e9raux au pouvoir fin ao\u00fbt. La France compte quelque 1 500 soldats au Niger, dont l&#8217;avenir est incertain.<\/p>\n<p>Le r\u00e9gime militaire, qui pr\u00e9voit une transition d&#8217;une dur\u00e9e maximum de trois ans, cherche des alli\u00e9s. Il se tourne notamment vers le Mali et le Burkina voisins, \u00e9galement dirig\u00e9s par des militaires arriv\u00e9s au pouvoir par un coup d&#8217;\u00c9tat, avec qui il a lanc\u00e9 samedi une coop\u00e9ration de d\u00e9fense, avec la cr\u00e9ation de l&#8217;Alliance des \u00c9tats du Sahel (AES).<\/p>\n<p>France24 Avec AFP<\/p>\n","protected":false},"excerpt":{"rendered":"<p>L&#8217;avocat du pr\u00e9sident d\u00e9chu du Niger a annonc\u00e9 mercredi \u00e0 l&#8217;AFP avoir saisi la Cour de justice de la Communaut\u00e9 \u00e9conomique des \u00c9tats d&#8217;Afrique de l&#8217;Ouest pour que l&#8217;\u00c9tat du Niger soit &#8220;condamn\u00e9 au r\u00e9tablissement imm\u00e9diat de l&#8217;ordre constitutionnel par la remise du pouvoir au pr\u00e9sident Bazoum&#8221;. Le pr\u00e9sident nig\u00e9rien d\u00e9chu Mohamed Bazoum a saisi &hellip;<\/p>\n","protected":false},"author":2,"featured_media":7280,"comment_status":"open","ping_status":"open","sticky":false,"template":"","format":"standard","meta":{"footnotes":""},"categories":[18,29,28],"tags":[],"class_list":["post-7279","post","type-post","status-publish","format-standard","has-post-thumbnail","hentry","category-actualites","category-monde","category-sahel"],"_links":{"self":[{"href":"https:\/\/ladepeche.mr\/index.php?rest_route=\/wp\/v2\/posts\/7279","targetHints":{"allow":["GET"]}}],"collection":[{"href":"https:\/\/ladepeche.mr\/index.php?rest_route=\/wp\/v2\/posts"}],"about":[{"href":"https:\/\/ladepeche.mr\/index.php?rest_route=\/wp\/v2\/types\/post"}],"author":[{"embeddable":true,"href":"https:\/\/ladepeche.mr\/index.php?rest_route=\/wp\/v2\/users\/2"}],"replies":[{"embeddable":true,"href":"https:\/\/ladepeche.mr\/index.php?rest_route=%2Fwp%2Fv2%2Fcomments&post=7279"}],"version-history":[{"count":1,"href":"https:\/\/ladepeche.mr\/index.php?rest_route=\/wp\/v2\/posts\/7279\/revisions"}],"predecessor-version":[{"id":7281,"href":"https:\/\/ladepeche.mr\/index.php?rest_route=\/wp\/v2\/posts\/7279\/revisions\/7281"}],"wp:featuredmedia":[{"embeddable":true,"href":"https:\/\/ladepeche.mr\/index.php?rest_route=\/wp\/v2\/media\/7280"}],"wp:attachment":[{"href":"https:\/\/ladepeche.mr\/index.php?rest_route=%2Fwp%2Fv2%2Fmedia&parent=7279"}],"wp:term":[{"taxonomy":"category","embeddable":true,"href":"https:\/\/ladepeche.mr\/index.php?rest_route=%2Fwp%2Fv2%2Fcategories&post=7279"},{"taxonomy":"post_tag","embeddable":true,"href":"https:\/\/ladepeche.mr\/index.php?rest_route=%2Fwp%2Fv2%2Ftags&post=7279"}],"curies":[{"name":"wp","href":"https:\/\/api.w.org\/{rel}","templated":true}]}}