{"id":7324,"date":"2023-09-23T23:42:24","date_gmt":"2023-09-23T23:42:24","guid":{"rendered":"https:\/\/ladepeche.mr\/?p=7324"},"modified":"2023-09-23T23:42:24","modified_gmt":"2023-09-23T23:42:24","slug":"discrimination-a-legard-des-femmes-et-des-filles-une-mission-du-groupe-de-travail-des-nu-attendue-en-mauritanie","status":"publish","type":"post","link":"https:\/\/ladepeche.mr\/?p=7324","title":{"rendered":"Discrimination \u00e0 l\u2019\u00e9gard des femmes et des filles : Une mission du Groupe de travail des NU attendue en Mauritanie"},"content":{"rendered":"<p>Le Groupe de travail des Nations Unies sur la discrimination \u00e0 l\u2019\u00e9gard des femmes et des filles effectuera, du 25 septembre au 6 octobre 2023, une visite de travail en Mauritanie, pour \u00e9valuer les progr\u00e8s r\u00e9alis\u00e9s dans la promotion et la protection des droits des femmes et des filles dans notre pays,.a-t-on officiellement annonc\u00e9 samedi \u00e0 Nouakchott.<br \/>\nLe Commissariat aux Droits de l\u2019Homme, \u00e0 l\u2019Action Humanitaire et aux Relations avec la Soci\u00e9t\u00e9 Civile (CDHAHSC) qui lie cette visite avec \u00ab le climat d\u2019ouverture et de dialogue qui pr\u00e9vaut en Mauritanie \u00bb, rappelle que cette visite \u00e9tait inscrite de longue date apr\u00e8s une demande accept\u00e9e en 2020 par le Gouvernement Mauritanien.<br \/>\nLe CDHAHSC, qui pr\u00e9cise que la mission onusienne est coordonn\u00e9e avec le avec le Haut-Commissariat des Nations Unies aux droits de l\u2019homme \u00e0 Nouakchott, informe, dans son communiqu\u00e9 que, \u00ab la d\u00e9l\u00e9gation, dirig\u00e9e par Mme Meskerem Gisette Tekani, se rendra dans la capitale Nouakchott et dans la ville de Bassiknou, o\u00f9 elle rencontrera les autorit\u00e9s nationales et locales, les institutions ind\u00e9pendantes, les organisations de la soci\u00e9t\u00e9 civile, les \u00e9lus, les agences des Nations Unies et les autres parties prenantes \u00bb.<br \/>\nLa mission qui s\u2019informe sur les efforts d\u2019\u00e9mancipation d\u00e9ploy\u00e9s par les autorit\u00e9s s\u2019int\u00e9ressera \u00e9galement aux d\u00e9fis et blocages et autres discriminations \u00e0 l\u2019\u00e9gard de ce genre.<br \/>\nLa mission indique-t-on enfin sera ponctu\u00e9e par une conf\u00e9rence de presse le vendredi 6 octobre 2023. Un rapport sur la situation sera \u00e9galement transmis au Conseil des droits de l\u2019homme des Nations Unies en juin 2024.<\/p>\n","protected":false},"excerpt":{"rendered":"<p>Le Groupe de travail des Nations Unies sur la discrimination \u00e0 l\u2019\u00e9gard des femmes et des filles effectuera, du 25 septembre au 6 octobre 2023, une visite de travail en Mauritanie, pour \u00e9valuer les progr\u00e8s r\u00e9alis\u00e9s dans la promotion et la protection des droits des femmes et des filles dans notre pays,.a-t-on officiellement annonc\u00e9 samedi &hellip;<\/p>\n","protected":false},"author":2,"featured_media":7325,"comment_status":"open","ping_status":"open","sticky":false,"template":"","format":"standard","meta":{"footnotes":""},"categories":[18],"tags":[],"class_list":["post-7324","post","type-post","status-publish","format-standard","has-post-thumbnail","hentry","category-actualites"],"_links":{"self":[{"href":"https:\/\/ladepeche.mr\/index.php?rest_route=\/wp\/v2\/posts\/7324","targetHints":{"allow":["GET"]}}],"collection":[{"href":"https:\/\/ladepeche.mr\/index.php?rest_route=\/wp\/v2\/posts"}],"about":[{"href":"https:\/\/ladepeche.mr\/index.php?rest_route=\/wp\/v2\/types\/post"}],"author":[{"embeddable":true,"href":"https:\/\/ladepeche.mr\/index.php?rest_route=\/wp\/v2\/users\/2"}],"replies":[{"embeddable":true,"href":"https:\/\/ladepeche.mr\/index.php?rest_route=%2Fwp%2Fv2%2Fcomments&post=7324"}],"version-history":[{"count":1,"href":"https:\/\/ladepeche.mr\/index.php?rest_route=\/wp\/v2\/posts\/7324\/revisions"}],"predecessor-version":[{"id":7326,"href":"https:\/\/ladepeche.mr\/index.php?rest_route=\/wp\/v2\/posts\/7324\/revisions\/7326"}],"wp:featuredmedia":[{"embeddable":true,"href":"https:\/\/ladepeche.mr\/index.php?rest_route=\/wp\/v2\/media\/7325"}],"wp:attachment":[{"href":"https:\/\/ladepeche.mr\/index.php?rest_route=%2Fwp%2Fv2%2Fmedia&parent=7324"}],"wp:term":[{"taxonomy":"category","embeddable":true,"href":"https:\/\/ladepeche.mr\/index.php?rest_route=%2Fwp%2Fv2%2Fcategories&post=7324"},{"taxonomy":"post_tag","embeddable":true,"href":"https:\/\/ladepeche.mr\/index.php?rest_route=%2Fwp%2Fv2%2Ftags&post=7324"}],"curies":[{"name":"wp","href":"https:\/\/api.w.org\/{rel}","templated":true}]}}