{"id":7327,"date":"2023-09-24T13:46:45","date_gmt":"2023-09-24T13:46:45","guid":{"rendered":"https:\/\/ladepeche.mr\/?p=7327"},"modified":"2023-09-24T13:46:45","modified_gmt":"2023-09-24T13:46:45","slug":"mali-un-avion-militaire-de-fabrication-russe-se-crashe-lors-de-son-atterrissage-a-gao","status":"publish","type":"post","link":"https:\/\/ladepeche.mr\/?p=7327","title":{"rendered":"Mali : un avion militaire de fabrication russe se crashe lors de son atterrissage \u00e0 Gao"},"content":{"rendered":"<p>L\u2019avion pourrait avoir \u00e9t\u00e9 utilis\u00e9 par les forces maliennes ou par la milice Wagner : on ignore pour l\u2019heure qui \u00e9tait \u00e0 son bord et quel est le bilan du crash.<br \/>\nUn avion militaire s&#8217;est \u00e9cras\u00e9 samedi matin lors de son atterrissage \u00e0 Gao dans le nord du Mali, ont indiqu\u00e9 une source a\u00e9roportuaire et le gouvernorat qui n&#8217;ont pas donn\u00e9 plus de pr\u00e9cisions.<br \/>\n\u00abLes causes ne sont pas encore connues\u00bb, a d\u00e9clar\u00e9 une source a\u00e9roportuaire. Aucun bilan n&#8217;a pour l&#8217;heure \u00e9t\u00e9 donn\u00e9 et l&#8217;AFP n&#8217;\u00e9tait pas en mesure de dire dans l&#8217;imm\u00e9diat qui utilisait cet avion. Il pourrait autant s\u2019agir de l\u2019arm\u00e9e malienne que des mercenaires du groupe Wagner, pr\u00e9sent dans le pays \u00e0 la demande de la junte au pouvoir.<br \/>\nUn porte-parole de l&#8217;arm\u00e9e allemande, encore pr\u00e9sente \u00e0 Gao dans le cadre de la mission des Nations unies au Mali (Minusma), a confirm\u00e9 l&#8217;accident d&#8217;avion dans la matin\u00e9e. \u00abSelon les informations dont nous disposons actuellement, l&#8217;avion a d\u00fb d\u00e9passer la piste d&#8217;atterrissage\u00bb, a-t-il dit, pr\u00e9cisant que ce n&#8217;\u00e9tait pas un avion de l&#8217;arm\u00e9e allemande. \u00abIl s&#8217;agit d&#8217;un avion de mod\u00e8le IL-76 (de construction russe), qui n&#8217;est pas utilis\u00e9 que par les Russes, mais aussi par les forces maliennes et bien d&#8217;autres\u00bb, a-t-il ajout\u00e9.<br \/>\nL&#8217;a\u00e9roport militaire de Gao est utilis\u00e9 aussi bien par l&#8217;arm\u00e9e malienne, que par ses partenaires russes ou la Minusma.<\/p>\n<p>La junte au pouvoir au Mali a pouss\u00e9 vers la sortie la force antijihadiste fran\u00e7aise en 2022 et la force de l&#8217;ONU en 2023, pour se tourner militairement et politiquement vers la Russie. Ils ont fait du r\u00e9tablissement de la souverainet\u00e9 l&#8217;un de leurs mantras.<\/p>\n<p>Ce crash s&#8217;est produit dans un contexte de tensions grandissantes entre les diff\u00e9rents acteurs arm\u00e9s de la zone et l&#8217;arm\u00e9e malienne. Les r\u00e9gions de Tombouctou et Gao ont \u00e9t\u00e9 depuis ao\u00fbt le th\u00e9\u00e2tre d&#8217;une succession d&#8217;attaques contre les positions de l&#8217;arm\u00e9e et contre les civils. L&#8217;arm\u00e9e et les groupes arm\u00e9s se disputent le contr\u00f4le du territoire au moment o\u00f9 la Minusma se retire.<br \/>\nhttps:\/\/www.lefigaro.fr\/international\/mali-un-avion-militaire-de-fabrication-russe-se-crashe-lors-de-son-atterrissage-a-gao-20230923<\/p>\n","protected":false},"excerpt":{"rendered":"<p>L\u2019avion pourrait avoir \u00e9t\u00e9 utilis\u00e9 par les forces maliennes ou par la milice Wagner : on ignore pour l\u2019heure qui \u00e9tait \u00e0 son bord et quel est le bilan du crash. Un avion militaire s&#8217;est \u00e9cras\u00e9 samedi matin lors de son atterrissage \u00e0 Gao dans le nord du Mali, ont indiqu\u00e9 une source a\u00e9roportuaire et &hellip;<\/p>\n","protected":false},"author":2,"featured_media":7328,"comment_status":"open","ping_status":"open","sticky":false,"template":"","format":"standard","meta":{"footnotes":""},"categories":[18,29],"tags":[],"class_list":["post-7327","post","type-post","status-publish","format-standard","has-post-thumbnail","hentry","category-actualites","category-monde"],"_links":{"self":[{"href":"https:\/\/ladepeche.mr\/index.php?rest_route=\/wp\/v2\/posts\/7327","targetHints":{"allow":["GET"]}}],"collection":[{"href":"https:\/\/ladepeche.mr\/index.php?rest_route=\/wp\/v2\/posts"}],"about":[{"href":"https:\/\/ladepeche.mr\/index.php?rest_route=\/wp\/v2\/types\/post"}],"author":[{"embeddable":true,"href":"https:\/\/ladepeche.mr\/index.php?rest_route=\/wp\/v2\/users\/2"}],"replies":[{"embeddable":true,"href":"https:\/\/ladepeche.mr\/index.php?rest_route=%2Fwp%2Fv2%2Fcomments&post=7327"}],"version-history":[{"count":1,"href":"https:\/\/ladepeche.mr\/index.php?rest_route=\/wp\/v2\/posts\/7327\/revisions"}],"predecessor-version":[{"id":7329,"href":"https:\/\/ladepeche.mr\/index.php?rest_route=\/wp\/v2\/posts\/7327\/revisions\/7329"}],"wp:featuredmedia":[{"embeddable":true,"href":"https:\/\/ladepeche.mr\/index.php?rest_route=\/wp\/v2\/media\/7328"}],"wp:attachment":[{"href":"https:\/\/ladepeche.mr\/index.php?rest_route=%2Fwp%2Fv2%2Fmedia&parent=7327"}],"wp:term":[{"taxonomy":"category","embeddable":true,"href":"https:\/\/ladepeche.mr\/index.php?rest_route=%2Fwp%2Fv2%2Fcategories&post=7327"},{"taxonomy":"post_tag","embeddable":true,"href":"https:\/\/ladepeche.mr\/index.php?rest_route=%2Fwp%2Fv2%2Ftags&post=7327"}],"curies":[{"name":"wp","href":"https:\/\/api.w.org\/{rel}","templated":true}]}}