{"id":7330,"date":"2023-09-24T14:17:07","date_gmt":"2023-09-24T14:17:07","guid":{"rendered":"https:\/\/ladepeche.mr\/?p=7330"},"modified":"2023-09-24T14:17:07","modified_gmt":"2023-09-24T14:17:07","slug":"mauritanie-le-proces-de-lex-president-touche-a-sa-fin-les-plaidoiries-tres-attendues","status":"publish","type":"post","link":"https:\/\/ladepeche.mr\/?p=7330","title":{"rendered":"Mauritanie: le proc\u00e8s de l\u2019ex-pr\u00e9sident touche \u00e0 sa fin, les plaidoiries tr\u00e8s attendues"},"content":{"rendered":"<p>Mohamed ould Abdel Aziz, ancien chef de l\u2019Etat mauritanien (2008-2019), poursuivi pour une s\u00e9rie de pr\u00e9sum\u00e9es infractions li\u00e9es \u00e0 sa d\u00e9cennie de gouvernance, est plac\u00e9 en d\u00e9tention provisoire dans le cadre d\u2019un proc\u00e8s qui dure depuis plusieurs mois. Ce proc\u00e8s devrait attaquer la phase cruciale des plaidoiries avant de connaitre le sort qui sera r\u00e9serv\u00e9 \u00e0 l\u2019ancien pr\u00e9sident.<br \/>\nL&#8217;ex homme fort de Nouakchott est accus\u00e9 de \u00abcorruption, blanchiment d\u2019argent, enrichissement illicite, dilapidation de biens, octroi d\u2019avantages indus\u00bb. Un chapelet d\u2019infractions r\u00e9fut\u00e9es par la d\u00e9fense qui d\u00e9nonce un r\u00e8glement de comptes politiques et une proc\u00e9dure engag\u00e9e en violation de l\u2019immunit\u00e9 pr\u00e9vue par la Constitution.<\/p>\n<p>Maitre Lo Gourmo Abdoul, avocat, membre du collectif de d\u00e9fense des int\u00e9r\u00eats de l\u2019Etat, constitu\u00e9 partie civile, salue le d\u00e9roulement du proc\u00e8s suivant les r\u00e8gles, le respect des droits de la d\u00e9fense, selon lui.<br \/>\nUne atmosph\u00e8re qui a permis l\u2019audition \u00e0 la barre de tous les inculp\u00e9s et des t\u00e9moins durant plusieurs mois. Il annonce la fin prochaine de l\u2019instruction \u00e0 la barre et l\u2019immense des plaidoiries des avocats des deux parties qui repr\u00e9sentent une phase d\u00e9cisive du proc\u00e8s\u00bb.<br \/>\nIl rappelle le refus de l\u2019ancien pr\u00e9sident de r\u00e9pondre aux questions de la cour, sugg\u00e9rant que Mr Aziz semble vouloir chang\u00e9 de strat\u00e9gie de d\u00e9fense sur la base d\u2019une requ\u00eate de la d\u00e9fense sollicitant une nouvelle audition de son client.<\/p>\n<p>Pour sa part, Maitre Taleb Khiyar, avocat de la d\u00e9fense, d\u00e9plore les conditions de d\u00e9tention de son client, dont la sant\u00e9 reste fragile et les autorisations \u00e0 communiquer \u00e9troitement surveill\u00e9es.<\/p>\n<p>La robe noire d\u00e9nonce aussi la conduite d\u2019un proc\u00e8s sur la base d\u2019un dossier caract\u00e9ris\u00e9 par une absence de pi\u00e8ces des corps de contr\u00f4le (Inspection g\u00e9n\u00e9rale d\u2019Etat, Cour des comptes, Inspection g\u00e9n\u00e9rale des finances) incriminant l\u2019ancien pr\u00e9sident Mohamed Abdel Aziz, avec des arguments de l\u2019accusation enti\u00e8rement bas\u00e9s sur des t\u00e9moignages \u00e0 charge inv\u00e9rifiables.<\/p>\n<p>Maitre Khiyar d\u00e9plore enfin le fait que la d\u00e9fense ne puisse pas faire compara\u00eetre des t\u00e9moins \u00e0 d\u00e9charge et esp\u00e8re que cela sera corrig\u00e9 d\u2019ici la fin des audiences, pour \u00e9viter un proc\u00e8s \u00e0 charge, men\u00e9 de mani\u00e8re bancale.<br \/>\nhttps:\/\/afrique.le360.ma\/politique\/mauritanie-le-proces-de-lex-president-touche-a-sa-fin-les-plaidoiries-tres-attendues_PFWO4XYVCFBHVOO7L2BTPQ4V6I\/<br \/>\nPar Amadou Seck (Nouakchott, correspondance)<\/p>\n","protected":false},"excerpt":{"rendered":"<p>Mohamed ould Abdel Aziz, ancien chef de l\u2019Etat mauritanien (2008-2019), poursuivi pour une s\u00e9rie de pr\u00e9sum\u00e9es infractions li\u00e9es \u00e0 sa d\u00e9cennie de gouvernance, est plac\u00e9 en d\u00e9tention provisoire dans le cadre d\u2019un proc\u00e8s qui dure depuis plusieurs mois. Ce proc\u00e8s devrait attaquer la phase cruciale des plaidoiries avant de connaitre le sort qui sera r\u00e9serv\u00e9 &hellip;<\/p>\n","protected":false},"author":2,"featured_media":7331,"comment_status":"open","ping_status":"open","sticky":false,"template":"","format":"standard","meta":{"footnotes":""},"categories":[18],"tags":[],"class_list":["post-7330","post","type-post","status-publish","format-standard","has-post-thumbnail","hentry","category-actualites"],"_links":{"self":[{"href":"https:\/\/ladepeche.mr\/index.php?rest_route=\/wp\/v2\/posts\/7330","targetHints":{"allow":["GET"]}}],"collection":[{"href":"https:\/\/ladepeche.mr\/index.php?rest_route=\/wp\/v2\/posts"}],"about":[{"href":"https:\/\/ladepeche.mr\/index.php?rest_route=\/wp\/v2\/types\/post"}],"author":[{"embeddable":true,"href":"https:\/\/ladepeche.mr\/index.php?rest_route=\/wp\/v2\/users\/2"}],"replies":[{"embeddable":true,"href":"https:\/\/ladepeche.mr\/index.php?rest_route=%2Fwp%2Fv2%2Fcomments&post=7330"}],"version-history":[{"count":1,"href":"https:\/\/ladepeche.mr\/index.php?rest_route=\/wp\/v2\/posts\/7330\/revisions"}],"predecessor-version":[{"id":7332,"href":"https:\/\/ladepeche.mr\/index.php?rest_route=\/wp\/v2\/posts\/7330\/revisions\/7332"}],"wp:featuredmedia":[{"embeddable":true,"href":"https:\/\/ladepeche.mr\/index.php?rest_route=\/wp\/v2\/media\/7331"}],"wp:attachment":[{"href":"https:\/\/ladepeche.mr\/index.php?rest_route=%2Fwp%2Fv2%2Fmedia&parent=7330"}],"wp:term":[{"taxonomy":"category","embeddable":true,"href":"https:\/\/ladepeche.mr\/index.php?rest_route=%2Fwp%2Fv2%2Fcategories&post=7330"},{"taxonomy":"post_tag","embeddable":true,"href":"https:\/\/ladepeche.mr\/index.php?rest_route=%2Fwp%2Fv2%2Ftags&post=7330"}],"curies":[{"name":"wp","href":"https:\/\/api.w.org\/{rel}","templated":true}]}}