{"id":7338,"date":"2023-09-24T15:43:59","date_gmt":"2023-09-24T15:43:59","guid":{"rendered":"https:\/\/ladepeche.mr\/?p=7338"},"modified":"2023-09-24T15:43:59","modified_gmt":"2023-09-24T15:43:59","slug":"larabie-saoudite-et-israel-se-rapprochent-dun-accord-de-normalisation-selon-le-prince-heritier","status":"publish","type":"post","link":"https:\/\/ladepeche.mr\/?p=7338","title":{"rendered":"L&#8217;Arabie saoudite et Isra\u00ebl se rapprochent d&#8217;un accord de normalisation, selon le prince h\u00e9ritier"},"content":{"rendered":"<p>L&#8217;Arabie saoudite et Isra\u00ebl se &#8220;rapprochent&#8221; d&#8217;un accord de normalisation de leurs relations, qui serait historique, a d\u00e9clar\u00e9 mercredi le prince h\u00e9ritier saoudien Mohammad ben Salmane dans une interview \u00e0 une t\u00e9l\u00e9vision am\u00e9ricaine.<\/p>\n<p>&#8220;On s&#8217;en rapproche tous les jours&#8221;, a-t-il affirm\u00e9 selon des extraits de cet entretien \u00e0 la cha\u00eene Fox News, au moment o\u00f9 le pr\u00e9sident am\u00e9ricain Joe Biden rencontrait \u00e0 New York le Premier ministre isra\u00e9lien Benjamin Netanyahu. &#8220;Pour nous, la question palestinienne est tr\u00e8s importante. Nous devons la r\u00e9soudre&#8221;, a-t-il dit en soulignant que &#8220;les n\u00e9gociations se poursuivent bien jusqu&#8217;\u00e0 pr\u00e9sent&#8221;. Il a d\u00e9menti des informations de presse faisant \u00e9tat d&#8217;une &#8220;suspension&#8221; des discussions avec Isra\u00ebl.<\/p>\n<p>&#8220;Nous esp\u00e9rons qu&#8217;elles aboutiront \u00e0 un r\u00e9sultat qui facilitera la vie des Palestiniens et qui permettra \u00e0 Isra\u00ebl de jouer un r\u00f4le au Moyen-Orient&#8221;, a ajout\u00e9 ben Salmane. Isra\u00ebl a d\u00e9j\u00e0 normalis\u00e9 ses relations avec cinq pays arabes: Bahre\u00efn, l&#8217;Egypte, la Jordanie, le Maroc et les Emirats arabes unis.<\/p>\n<p>Interrog\u00e9 par ailleurs sur la perspective que l&#8217;Iran se dote de l&#8217;arme nucl\u00e9aire, le prince h\u00e9ritier, qui dirige de facto le royaume saoudien, a averti que l&#8217;Arabie serait alors contrainte de faire de m\u00eame. &#8220;Nous nous pr\u00e9occupons du fait qu&#8217;un pays puisse se doter d&#8217;une arme nucl\u00e9aire. C&#8217;est une mauvaise chose&#8221;, a-t-il affirm\u00e9. &#8220;Ils n&#8217;ont pas besoin de se doter d&#8217;une arme nucl\u00e9aire parce qu&#8217;ils ne peuvent pas l&#8217;utiliser&#8221;, selon lui. Mais, a-t-il ajout\u00e9, &#8220;s&#8217;ils en obtiennent une, on devra en avoir une nous aussi&#8221;.<\/p>\n<p>https:\/\/www.lorientlejour.com\/article\/1350124\/larabie-saoudite-et-israel-se-rapprochent-dun-accord-de-normalisation-selon-le-prince-heritier-1.html<\/p>\n","protected":false},"excerpt":{"rendered":"<p>L&#8217;Arabie saoudite et Isra\u00ebl se &#8220;rapprochent&#8221; d&#8217;un accord de normalisation de leurs relations, qui serait historique, a d\u00e9clar\u00e9 mercredi le prince h\u00e9ritier saoudien Mohammad ben Salmane dans une interview \u00e0 une t\u00e9l\u00e9vision am\u00e9ricaine. &#8220;On s&#8217;en rapproche tous les jours&#8221;, a-t-il affirm\u00e9 selon des extraits de cet entretien \u00e0 la cha\u00eene Fox News, au moment o\u00f9 &hellip;<\/p>\n","protected":false},"author":2,"featured_media":7339,"comment_status":"open","ping_status":"open","sticky":false,"template":"","format":"standard","meta":{"footnotes":""},"categories":[18,29],"tags":[],"class_list":["post-7338","post","type-post","status-publish","format-standard","has-post-thumbnail","hentry","category-actualites","category-monde"],"_links":{"self":[{"href":"https:\/\/ladepeche.mr\/index.php?rest_route=\/wp\/v2\/posts\/7338","targetHints":{"allow":["GET"]}}],"collection":[{"href":"https:\/\/ladepeche.mr\/index.php?rest_route=\/wp\/v2\/posts"}],"about":[{"href":"https:\/\/ladepeche.mr\/index.php?rest_route=\/wp\/v2\/types\/post"}],"author":[{"embeddable":true,"href":"https:\/\/ladepeche.mr\/index.php?rest_route=\/wp\/v2\/users\/2"}],"replies":[{"embeddable":true,"href":"https:\/\/ladepeche.mr\/index.php?rest_route=%2Fwp%2Fv2%2Fcomments&post=7338"}],"version-history":[{"count":1,"href":"https:\/\/ladepeche.mr\/index.php?rest_route=\/wp\/v2\/posts\/7338\/revisions"}],"predecessor-version":[{"id":7340,"href":"https:\/\/ladepeche.mr\/index.php?rest_route=\/wp\/v2\/posts\/7338\/revisions\/7340"}],"wp:featuredmedia":[{"embeddable":true,"href":"https:\/\/ladepeche.mr\/index.php?rest_route=\/wp\/v2\/media\/7339"}],"wp:attachment":[{"href":"https:\/\/ladepeche.mr\/index.php?rest_route=%2Fwp%2Fv2%2Fmedia&parent=7338"}],"wp:term":[{"taxonomy":"category","embeddable":true,"href":"https:\/\/ladepeche.mr\/index.php?rest_route=%2Fwp%2Fv2%2Fcategories&post=7338"},{"taxonomy":"post_tag","embeddable":true,"href":"https:\/\/ladepeche.mr\/index.php?rest_route=%2Fwp%2Fv2%2Ftags&post=7338"}],"curies":[{"name":"wp","href":"https:\/\/api.w.org\/{rel}","templated":true}]}}