{"id":7342,"date":"2023-09-25T15:18:40","date_gmt":"2023-09-25T15:18:40","guid":{"rendered":"https:\/\/ladepeche.mr\/?p=7342"},"modified":"2023-09-25T15:18:40","modified_gmt":"2023-09-25T15:18:40","slug":"les-femmes-et-hommes-daffaires-turcs-et-africains-se-reunissent-a-istanbul","status":"publish","type":"post","link":"https:\/\/ladepeche.mr\/?p=7342","title":{"rendered":"LES FEMMES ET HOMMES D&#8217;AFFAIRES TURCS ET AFRICAINS SE R\u00c9UNISSENT \u00c0 \u0130STANBUL"},"content":{"rendered":"<p> Le Quatri\u00e8me Forum d\u2019Affaires et Economique T\u00fcrkiye-Afrique aura lieu \u00e0 Istanbul les 12 et 13 octobre.<br \/>\nLe Conseil des relations \u00e9conomiques ext\u00e9rieures de T\u00fcrkiye (DE\u0130K) organisera le Quatri\u00e8me Forum d\u2019Affaires et Economique T\u00fcrkiye-Afrique (TABEF) \u00e0 Istanbul les 12 et 13 octobre 2023. L&#8217;\u00e9v\u00e9nement sera honor\u00e9 par la pr\u00e9sence du Pr\u00e9sident de la R\u00e9publique de T\u00fcrkiye, Recep Tayyip Erdo\u011fan, et du pr\u00e9sident de l&#8217;Union des Comores, Pr\u00e9sident en exercice de l&#8217;Union africaine, Azali Assoumani. Engag\u00e9 \u00e0 d\u00e9velopper le commerce et les investissements intercontinentaux de T\u00fcrkiye \u00e0 travers ses initiatives de diplomatie commerciale avec 152 conseils d&#8217;affaires r\u00e9partis \u00e0 travers le monde, le DE\u0130K se tourne d\u00e9sormais vers l&#8217;Afrique.<\/p>\n<p>Accueillie par le Minist\u00e8re du Commerce de la R\u00e9publique de T\u00fcrkiye, en coordination avec l&#8217;Union africaine, et organis\u00e9e par le DE\u0130K, la quatri\u00e8me \u00e9dition du Forum d\u2019Affaires et Economique T\u00fcrkiye-Afrique (TABEF) aura lieu au Centre de congr\u00e8s d&#8217;Istanbul (ICC), les 12-13 octobre 2023. <\/p>\n<p>Honor\u00e9 par la participation du Pr\u00e9sident de la R\u00e9publique de T\u00fcrkiye, Recep Tayyip Erdo\u011fan, et du Pr\u00e9sident de l&#8217;Union des Comores, Pr\u00e9sident en exercice de l&#8217;Union africaine, Azali Assoumani, le Quatri\u00e8me Forum d\u2019Affaires et Economique T\u00fcrkiye-Afrique accueillera  Prof. Dr. \u00d6mer Bolat le Ministre du Commerce de la R\u00e9publique de la T\u00fcrkiye, Albert Muchanga, le Commissaire pour le d\u00e9veloppement \u00e9conomique, le commerce, le tourisme, l&#8217;industrie et les min\u00e9raux de la Commission de l&#8217;Union africaine (CUA), Nail Olpak, Pr\u00e9sident du DE\u0130K, Fuat Tosyal\u0131, Pr\u00e9sident-coordinnateur des conseils d&#8217;affaires T\u00fcrkiye-Afrique du DE\u0130K, Dr. Amany Asfour, Pr\u00e9sidente du Conseil d&#8217;affaires africain (AfBC) et Emine Erdo\u011fan, la Premi\u00e8re Dame de T\u00fcrkiye ainsi que les Ministres de l&#8217;\u00e9conomie, du commerce et des finances des pays africains.<\/p>\n<p>Avec son th\u00e8me principal \u00ab Relever les d\u00e9fis, lib\u00e9rer des opportunit\u00e9s : construire des partenariats \u00e9conomiques plus solides entre la T\u00fcrkiye et l\u2019Afrique \u00bb, le Quatri\u00e8me Forum d\u2019Affaires et Economique T\u00fcrkiye-Afrique prioritise les secteurs d\u2019\u00e9nergie, d\u2019infrastructures, d\u2019agriculture, d\u2019agro-industrie, de sant\u00e9, de tourisme et de marketing num\u00e9rique.<\/p>\n<p><strong>Panels th\u00e9matiques, r\u00e9unions d&#8217;affaires bilat\u00e9rales B2B et r\u00e9unions B2G<\/strong><\/p>\n<p>Au cours de la premi\u00e8re journ\u00e9e du Forum, des panels nomm\u00e9s \u00ab Collaboration dans l\u2019industrie manufacturi\u00e8re et l\u2019industrie agricole : Durabilit\u00e9 des cha\u00eenes d\u2019approvisionnement \u00bb, \u00ab La transformation num\u00e9rique en Afrique : am\u00e9liorer l&#8217;\u00e9cosyst\u00e8me africain de technologie num\u00e9rique \u00bb et \u00ab \u00ab L\u2019Evaluation de la technologie m\u00e9dicale : Le secteur de sant\u00e9 durable et Les nouvelles opportunit\u00e9s innovantes \u00bb auront lieu. Simultan\u00e9ment, des sessions de r\u00e9unions G2B se tiendront avec les titres suivants : \u00ab Opportunit\u00e9s d&#8217;investissement dans les infrastructures : R\u00e9seaux d\u2019\u00e9nergie, de t\u00e9l\u00e9communication et de transport \u00bb, \u00ab Gouvernance &#038; La s\u00e9curit\u00e9 alimentaire : Etablissement d\u2019un syst\u00e8me durable d\u2019alimentation \u00bb, et \u00ab La promotion du tourisme et technologies de marketing num\u00e9rique \u00bb.<\/p>\n<p>Pendant le deuxi\u00e8me jour du Forum, les panels intitul\u00e9s \u00ab Dialogue T\u00fcrkiye-Afrique sur le leadership des Femmes \u00bb, \u00ab La T\u00fcrkiye et opportunit\u00e9s sous la Zone de libre-\u00e9change continentale africaine (ZLECAf) \u00bb et \u00ab Le financement des investissements et du commerce en Afrique et les relations bancaires avec la T\u00fcrkiye \u00bb auront lieu avec la pr\u00e9sentation sur \u00ab Les Zones franches et opportunit\u00e9s \u00bb. Tout au long du Forum, les panels et les r\u00e9unions G2B et B2B se r\u00e9aliseront simultan\u00e9ment.<\/p>\n<p><strong>Dialogue T\u00fcrkiye-Afrique sur le leadership des Femmes<\/strong><\/p>\n<p>Au deuxi\u00e8me jour du Quatri\u00e8me Forum d\u2019Affaires et Economique T\u00fcrkiye-Afrique, des femmes d&#8217;affaires turques et africaines partageront leurs exp\u00e9riences dans la refonte du paysage du monde des affaires lors du \u00ab Dialogue T\u00fcrkiye-Afrique sur le leadership des Femmes \u00bb. Elles participeront \u00e0 des discussions concernant les domaines potentiels de collaboration et les strat\u00e9gies visant \u00e0 promouvoir une participation accrue des femmes \u00e0 des postes de direction. <\/p>\n<p><strong>La T\u00fcrkiye et opportunit\u00e9s sous la Zone de libre-\u00e9change continentale africaine (ZLECAf)<\/strong><\/p>\n<p>L&#8217;Afrique, la plus grande zone de libre-\u00e9change mondiale, devrait cr\u00e9er un march\u00e9 de libre-\u00e9change avec une population de 1,3 milliard d&#8217;habitants et une valeur de 3,4 billions de dollars. La ZLECAf devrait augmenter le commerce intra-africain de 52,3 % d\u2019ici 2025 et augmenter les revenus de l\u2019Afrique jusqu\u2019\u00e0 450 milliards de dollars d\u2019ici 2035. Avec la ZLECAf, on s\u2019attend \u00e0 ce que le commerce intra-africain augmente de 50% et que celui-ci fournisse au monde un revenu suppl\u00e9mentaire de 76 milliards de dollars. La ZLECAf sera discut\u00e9e dans le panel \u00ab La T\u00fcrkiye et opportunit\u00e9s sous la Zone de libre-\u00e9change continentale africaine (ZLECAf) \u00bb. Avec la participation de Wamkele Mene, secr\u00e9taire g\u00e9n\u00e9ral de la Zone de libre-\u00e9change continentale africaine (ZLECAf), l&#8217;impact de l&#8217;accord de la ZLECAf sur le commerce entre la T\u00fcrkiye et l&#8217;Afrique sera \u00e9valu\u00e9.<\/p>\n<p><strong>Relations bancaires et d&#8217;investissement<\/strong><br \/>\nDu point de vue du financement du commerce et des investissements, les entreprises doivent encore relever des d\u00e9fis majeurs pour faire des affaires avec le continent africain. Les entreprises turques, en revanche, ont connu un succ\u00e8s croissant sur le continent africain ces derni\u00e8res ann\u00e9es. Des suggestions de solutions importantes pour am\u00e9liorer l&#8217;acc\u00e8s au financement du commerce et des investissements seront discut\u00e9es lors du panel \u00ab Le financement des investissements et du commerce en Afrique et les relations bancaires avec la T\u00fcrkiye \u00bb. Au cours du panel, les opportunit\u00e9s d&#8217;affaires et d&#8217;investissement seront discut\u00e9es par les institutions financi\u00e8res et les d\u00e9cideurs de projets et d&#8217;investissements qui ont une place importante dans le d\u00e9veloppement de l&#8217;Afrique.<\/p>\n<p><strong>Plus de 3000 participants turcs et africains<\/strong><\/p>\n<p>Le Quatri\u00e8me Forum d\u2019Affaires et Economique T\u00fcrkiye-Afrique accueillera plus de 3 000 participants, y compris des repr\u00e9sentants de la Banque africaine de d\u00e9veloppement (BAD), de la Banque africaine d&#8217;import-export (Afrieximbank), de la Banque turque de cr\u00e9dit \u00e0 l&#8217;exportation (T\u00fcrk Eximbank), d&#8217;institutions financi\u00e8res internationales et r\u00e9gionales, d&#8217;organisations non gouvernementales (ONG), de chambres de commerce et d&#8217;industrie, les pr\u00e9sidents des conseils d&#8217;affaires T\u00fcrkiye-Afrique du DE\u0130K et leurs homologues, les associations concern\u00e9es, les organisations professionnelles et les entrepreneurs de T\u00fcrkiye et d&#8217;Afrique, les repr\u00e9sentants des missions diplomatiques en T\u00fcrkiye, ainsi que les organismes de m\u00e9dias qui participent de T\u00fcrkiye et de tous les pays africains.<\/p>\n<p><strong>Objectif de volume du commerce T\u00fcrkiye-Afrique : 75 milliards de dollars<\/strong><br \/>\nLe volume total des \u00e9changes commerciaux de la T\u00fcrkiye avec le continent africain \u00e9tait de 1,35 milliard de dollars en 2003 et a atteint 40,7 milliards de dollars l\u2019ann\u00e9e derni\u00e8re. L\u2019objectif du volume total des \u00e9changes commerciaux sur le continent africain d\u2019ici fin 2023 est de 50 milliards de dollars, avec pour objectif ult\u00e9rieur d\u2019atteindre 75 milliards de dollars. La T\u00fcrkiye renforce activement ses relations \u00e9conomiques avec les pays africains selon le principe gagnant-gagnant en tant que partenaire strat\u00e9gique crucial pour l&#8217;int\u00e9gration, le d\u00e9veloppement \u00e9conomique et la croissance industrielle de l&#8217;Afrique. L\u2019\u00e9volution des exportations turques vers l\u2019Afrique s\u2019aligne sur les tendances mondiales. Les exportations de la T\u00fcrkiye vers l\u2019Afrique ont repris de l\u2019ampleur, atteignant 21,2 milliards de dollars en 2021 et 23,6 milliards de dollars en 2022. Les importations de la T\u00fcrkiye en provenance d\u2019Afrique ont atteint 9,5 milliards de dollars en 2022.<\/p>\n","protected":false},"excerpt":{"rendered":"<p>Le Quatri\u00e8me Forum d\u2019Affaires et Economique T\u00fcrkiye-Afrique aura lieu \u00e0 Istanbul les 12 et 13 octobre. Le Conseil des relations \u00e9conomiques ext\u00e9rieures de T\u00fcrkiye (DE\u0130K) organisera le Quatri\u00e8me Forum d\u2019Affaires et Economique T\u00fcrkiye-Afrique (TABEF) \u00e0 Istanbul les 12 et 13 octobre 2023. L&#8217;\u00e9v\u00e9nement sera honor\u00e9 par la pr\u00e9sence du Pr\u00e9sident de la R\u00e9publique de T\u00fcrkiye, &hellip;<\/p>\n","protected":false},"author":2,"featured_media":7344,"comment_status":"open","ping_status":"open","sticky":false,"template":"","format":"standard","meta":{"footnotes":""},"categories":[18,29,19],"tags":[],"class_list":["post-7342","post","type-post","status-publish","format-standard","has-post-thumbnail","hentry","category-actualites","category-monde","category-tribune"],"_links":{"self":[{"href":"https:\/\/ladepeche.mr\/index.php?rest_route=\/wp\/v2\/posts\/7342","targetHints":{"allow":["GET"]}}],"collection":[{"href":"https:\/\/ladepeche.mr\/index.php?rest_route=\/wp\/v2\/posts"}],"about":[{"href":"https:\/\/ladepeche.mr\/index.php?rest_route=\/wp\/v2\/types\/post"}],"author":[{"embeddable":true,"href":"https:\/\/ladepeche.mr\/index.php?rest_route=\/wp\/v2\/users\/2"}],"replies":[{"embeddable":true,"href":"https:\/\/ladepeche.mr\/index.php?rest_route=%2Fwp%2Fv2%2Fcomments&post=7342"}],"version-history":[{"count":2,"href":"https:\/\/ladepeche.mr\/index.php?rest_route=\/wp\/v2\/posts\/7342\/revisions"}],"predecessor-version":[{"id":7345,"href":"https:\/\/ladepeche.mr\/index.php?rest_route=\/wp\/v2\/posts\/7342\/revisions\/7345"}],"wp:featuredmedia":[{"embeddable":true,"href":"https:\/\/ladepeche.mr\/index.php?rest_route=\/wp\/v2\/media\/7344"}],"wp:attachment":[{"href":"https:\/\/ladepeche.mr\/index.php?rest_route=%2Fwp%2Fv2%2Fmedia&parent=7342"}],"wp:term":[{"taxonomy":"category","embeddable":true,"href":"https:\/\/ladepeche.mr\/index.php?rest_route=%2Fwp%2Fv2%2Fcategories&post=7342"},{"taxonomy":"post_tag","embeddable":true,"href":"https:\/\/ladepeche.mr\/index.php?rest_route=%2Fwp%2Fv2%2Ftags&post=7342"}],"curies":[{"name":"wp","href":"https:\/\/api.w.org\/{rel}","templated":true}]}}