{"id":7355,"date":"2023-09-26T14:35:06","date_gmt":"2023-09-26T14:35:06","guid":{"rendered":"https:\/\/ladepeche.mr\/?p=7355"},"modified":"2023-09-26T14:35:06","modified_gmt":"2023-09-26T14:35:06","slug":"lancement-dun-atelier-sur-le-renforcement-de-la-gouvernance-dans-les-regions-frontalieres-entre-la-mauritanie-et-le-senegal","status":"publish","type":"post","link":"https:\/\/ladepeche.mr\/?p=7355","title":{"rendered":"Lancement d&#8217;un atelier sur le renforcement de la gouvernance dans les r\u00e9gions frontali\u00e8res entre la Mauritanie et le S\u00e9n\u00e9gal"},"content":{"rendered":"<p>Le minist\u00e8re de l&#8217;\u00c9conomie et du D\u00e9veloppement Durable, en collaboration avec le syst\u00e8me des Nations Unies, a organis\u00e9, lundi \u00e0 Nouakchott, un atelier sur le projet de renforcement de la gouvernance transfrontali\u00e8re et de la r\u00e9silience des populations pour r\u00e9duire les risques s\u00e9curitaires et ceux li\u00e9s aux activit\u00e9s ill\u00e9gales au niveaux des  zones frontali\u00e8res entre la Mauritanie et le S\u00e9n\u00e9gal.<\/p>\n<p>Son Excellence le ministre de l&#8217;\u00c9conomie et du D\u00e9veloppement Durable, M. Abdessalam Ould Mohamed Saleh, a indiqu\u00e9 lors du lancement  de l&#8217;atelier que  ce projet refl\u00e8te la volont\u00e9 des dirigeants des deux pays, Son Excellence le Pr\u00e9sident de la R\u00e9publique Monsieur Mohamed Ould Cheikh El Ghazouani et son homologue   s\u00e9n\u00e9galais M. Macky Sall, de renforcer la coop\u00e9ration bilat\u00e9rale entre les deux pays fr\u00e8res.<\/p>\n<p>Il a ajout\u00e9 que ce projet vise \u00e0 renforcer la r\u00e9silience des populations en Mauritanie et au S\u00e9n\u00e9gal en garantissant l&#8217;acc\u00e8s aux services sociaux de base et en renfor\u00e7ant les comp\u00e9tences des jeunes dans les zones cibl\u00e9es. Le ministre a \u00e9galement soulign\u00e9 que le co\u00fbt de mise en \u0153uvre de ce projet sur une p\u00e9riode de 24 mois est estim\u00e9 \u00e0 4 millions d&#8217;euros, une contribution du Fonds des Nations Unies pour la consolidation de la paix.<\/p>\n<p>Il a, par ailleurs, indiqu\u00e9 que ce projet comprendra plusieurs activit\u00e9s, notamment l&#8217;am\u00e9lioration et la r\u00e9habilitation de certains points frontaliers, la cr\u00e9ation de regroupements villageois dans les zones frontali\u00e8res, la fourniture d&#8217;\u00e9quipements et la r\u00e9habilitation des infrastructures judiciaires dans les zones d&#8217;intervention du projet , ainsi que la cr\u00e9ation d&#8217;un p\u00f4le de jeunes dans le domaine de la pr\u00e9vention de la criminalit\u00e9.<\/p>\n<p>De son c\u00f4t\u00e9, le Secr\u00e9taire ex\u00e9cutif de la Commission s\u00e9n\u00e9galaise de Gestion des Fronti\u00e8res, le Colonel Bobkar Traor\u00e9, a exprim\u00e9 sa gratitude aux autorit\u00e9s mauritaniennes pour l&#8217;accueil chaleureux, soulignant que ce projet rev\u00eat une grande importance et est en ligne avec la volont\u00e9 des  hautes autorit\u00e9s des deux pays de r\u00e9aliser une gestion int\u00e9gr\u00e9e et responsable des fronti\u00e8res et d&#8217;\u00e9liminer la fragilit\u00e9 pour les populations frontali\u00e8res.<\/p>\n<p>Pour sa part, la Coordonnatrice R\u00e9sidente du Syst\u00e8me des Nations Unies en Mauritanie, Mme. Lila Peters Yahya, a soulign\u00e9 que ce projet contribuera au renforcement  de la r\u00e9silience et \u00e0 la  r\u00e9duction des risques s\u00e9curitaires, en plus de contribuer au d\u00e9veloppement durable.<\/p>\n<p>Les travaux de l&#8217;atelier ont \u00e9t\u00e9 lanc\u00e9s en pr\u00e9sence de Son Excellence le ministre de l&#8217;Int\u00e9rieur et de la D\u00e9centralisation, M. Mohamed Ahmed Ould Mohamed Lemine, du wali de Nouakchott Ouest, du Maire de Tevragh zeina et de plusieurs cadres\u00a0du\u00a0minist\u00e8re.<br \/>\nMEcDD<\/p>\n","protected":false},"excerpt":{"rendered":"<p>Le minist\u00e8re de l&#8217;\u00c9conomie et du D\u00e9veloppement Durable, en collaboration avec le syst\u00e8me des Nations Unies, a organis\u00e9, lundi \u00e0 Nouakchott, un atelier sur le projet de renforcement de la gouvernance transfrontali\u00e8re et de la r\u00e9silience des populations pour r\u00e9duire les risques s\u00e9curitaires et ceux li\u00e9s aux activit\u00e9s ill\u00e9gales au niveaux des zones frontali\u00e8res entre &hellip;<\/p>\n","protected":false},"author":2,"featured_media":7352,"comment_status":"open","ping_status":"open","sticky":false,"template":"","format":"standard","meta":{"footnotes":""},"categories":[18,2],"tags":[],"class_list":["post-7355","post","type-post","status-publish","format-standard","has-post-thumbnail","hentry","category-actualites","category-economie"],"_links":{"self":[{"href":"https:\/\/ladepeche.mr\/index.php?rest_route=\/wp\/v2\/posts\/7355","targetHints":{"allow":["GET"]}}],"collection":[{"href":"https:\/\/ladepeche.mr\/index.php?rest_route=\/wp\/v2\/posts"}],"about":[{"href":"https:\/\/ladepeche.mr\/index.php?rest_route=\/wp\/v2\/types\/post"}],"author":[{"embeddable":true,"href":"https:\/\/ladepeche.mr\/index.php?rest_route=\/wp\/v2\/users\/2"}],"replies":[{"embeddable":true,"href":"https:\/\/ladepeche.mr\/index.php?rest_route=%2Fwp%2Fv2%2Fcomments&post=7355"}],"version-history":[{"count":1,"href":"https:\/\/ladepeche.mr\/index.php?rest_route=\/wp\/v2\/posts\/7355\/revisions"}],"predecessor-version":[{"id":7356,"href":"https:\/\/ladepeche.mr\/index.php?rest_route=\/wp\/v2\/posts\/7355\/revisions\/7356"}],"wp:featuredmedia":[{"embeddable":true,"href":"https:\/\/ladepeche.mr\/index.php?rest_route=\/wp\/v2\/media\/7352"}],"wp:attachment":[{"href":"https:\/\/ladepeche.mr\/index.php?rest_route=%2Fwp%2Fv2%2Fmedia&parent=7355"}],"wp:term":[{"taxonomy":"category","embeddable":true,"href":"https:\/\/ladepeche.mr\/index.php?rest_route=%2Fwp%2Fv2%2Fcategories&post=7355"},{"taxonomy":"post_tag","embeddable":true,"href":"https:\/\/ladepeche.mr\/index.php?rest_route=%2Fwp%2Fv2%2Ftags&post=7355"}],"curies":[{"name":"wp","href":"https:\/\/api.w.org\/{rel}","templated":true}]}}