{"id":7357,"date":"2023-09-26T20:52:46","date_gmt":"2023-09-26T20:52:46","guid":{"rendered":"https:\/\/ladepeche.mr\/?p=7357"},"modified":"2023-09-26T20:52:46","modified_gmt":"2023-09-26T20:52:46","slug":"la-france-renforce-son-appui-a-la-securite-alimentaire-en-mauritanie","status":"publish","type":"post","link":"https:\/\/ladepeche.mr\/?p=7357","title":{"rendered":"La France renforce son appui \u00e0 la s\u00e9curit\u00e9 alimentaire en Mauritanie"},"content":{"rendered":"<p>Ce mardi 26 septembre 2023, la R\u00e9publique Islamique de Mauritanie et l\u2019Agence Fran\u00e7aise de D\u00e9veloppement (AFD) ont sign\u00e9 une convention pour un financement additionnel d\u2019un montant total de 8 millions d\u2019euros au profit du projet agricole ASARIGG visant \u00e0 am\u00e9liorer la s\u00e9curit\u00e9 alimentaire dans les r\u00e9gions du Gorgol et du Guidimakha.<\/p>\n<p>Le ministre de l\u2019Economie et du D\u00e9veloppement Durable, SEM. Abdessalam Ould Mohamed Saleh, l\u2019ambassadeur de France, M. Alexandre GARCIA, et la directrice de l\u2019AFD en Mauritanie, Mme B\u00e9n\u00e9dicte Brusset, ont sign\u00e9, en pr\u00e9sence du ministre de l\u2019Agriculture, SEM. Momma Beibatta, et du directeur g\u00e9n\u00e9ral de la SONADER, M. Hamada Ould Didi Ould Sid Ahmed, une convention de financement compl\u00e9mentaire, pour un montant de 8MEUR, au projet d\u2019Am\u00e9lioration de la S\u00e9curit\u00e9 Alimentaire par la Relance de l\u2019Irrigu\u00e9 dans le Gorgol et le Guidimakha (ASARIGG).<\/p>\n<p>Ce financement porte le montant de ce projet \u00e0 31,9MEUR dont 2,9MEUR de contrepartie de l\u2019Etat mauritanien et 29MEUR de don de la France \u00e0 travers l\u2019AFD.<\/p>\n<p>Grace \u00e0 ce financement, d\u2019ici 2026, 17 p\u00e9rim\u00e8tres irrigu\u00e9s villageois, soit 1 000ha pour la production rizicole, ainsi que 10 p\u00e9rim\u00e8tres maraichers g\u00e9r\u00e9s par des femmes vont \u00eatre r\u00e9habilit\u00e9s et \u00e9quip\u00e9s, ce qui permettra d\u2019am\u00e9liorer leur production.<\/p>\n<p>3 800 agriculteurs et agricultrices r\u00e9partis dans les 7 communes de Ka\u00e9di, Gouraye, Ghabou, Nere Walo, Dj\u00e9wol, Tokomadji, et Tifounde Cive b\u00e9n\u00e9ficieront de ce projet qui r\u00e9habilitera par ailleurs 6 ouvrages de contr\u00f4le de crue dans la plaine de Maghama qui totalise 10 000 ha exploit\u00e9s par 70 000 producteurs.<\/p>\n<p>La SONADER assure la mise en \u0153uvre de ce projet qui permettra aussi d\u2019accompagner la r\u00e9forme et la restructuration de la SONADER.<\/p>\n<p>Les premi\u00e8res phases du financement comportent un volet d\u2019action rapide confi\u00e9 \u00e0 un groupement d\u2019ONG qui a permis de restaurer plus de 500 ha de terres d\u00e9grad\u00e9es et de promouvoir des pratiques agro-\u00e9cologiques dans 6 territoires au profit des 25 000 habitants de la zone.<\/p>\n<p>Contact AFD Nouakchott<\/p>\n<p>Souleymane Ciss\u00e9 : cisses@afd.fr<\/p>\n","protected":false},"excerpt":{"rendered":"<p>Ce mardi 26 septembre 2023, la R\u00e9publique Islamique de Mauritanie et l\u2019Agence Fran\u00e7aise de D\u00e9veloppement (AFD) ont sign\u00e9 une convention pour un financement additionnel d\u2019un montant total de 8 millions d\u2019euros au profit du projet agricole ASARIGG visant \u00e0 am\u00e9liorer la s\u00e9curit\u00e9 alimentaire dans les r\u00e9gions du Gorgol et du Guidimakha. Le ministre de l\u2019Economie &hellip;<\/p>\n","protected":false},"author":2,"featured_media":7358,"comment_status":"open","ping_status":"open","sticky":false,"template":"","format":"standard","meta":{"footnotes":""},"categories":[18,2],"tags":[],"class_list":["post-7357","post","type-post","status-publish","format-standard","has-post-thumbnail","hentry","category-actualites","category-economie"],"_links":{"self":[{"href":"https:\/\/ladepeche.mr\/index.php?rest_route=\/wp\/v2\/posts\/7357","targetHints":{"allow":["GET"]}}],"collection":[{"href":"https:\/\/ladepeche.mr\/index.php?rest_route=\/wp\/v2\/posts"}],"about":[{"href":"https:\/\/ladepeche.mr\/index.php?rest_route=\/wp\/v2\/types\/post"}],"author":[{"embeddable":true,"href":"https:\/\/ladepeche.mr\/index.php?rest_route=\/wp\/v2\/users\/2"}],"replies":[{"embeddable":true,"href":"https:\/\/ladepeche.mr\/index.php?rest_route=%2Fwp%2Fv2%2Fcomments&post=7357"}],"version-history":[{"count":1,"href":"https:\/\/ladepeche.mr\/index.php?rest_route=\/wp\/v2\/posts\/7357\/revisions"}],"predecessor-version":[{"id":7359,"href":"https:\/\/ladepeche.mr\/index.php?rest_route=\/wp\/v2\/posts\/7357\/revisions\/7359"}],"wp:featuredmedia":[{"embeddable":true,"href":"https:\/\/ladepeche.mr\/index.php?rest_route=\/wp\/v2\/media\/7358"}],"wp:attachment":[{"href":"https:\/\/ladepeche.mr\/index.php?rest_route=%2Fwp%2Fv2%2Fmedia&parent=7357"}],"wp:term":[{"taxonomy":"category","embeddable":true,"href":"https:\/\/ladepeche.mr\/index.php?rest_route=%2Fwp%2Fv2%2Fcategories&post=7357"},{"taxonomy":"post_tag","embeddable":true,"href":"https:\/\/ladepeche.mr\/index.php?rest_route=%2Fwp%2Fv2%2Ftags&post=7357"}],"curies":[{"name":"wp","href":"https:\/\/api.w.org\/{rel}","templated":true}]}}