{"id":7360,"date":"2023-09-26T21:24:50","date_gmt":"2023-09-26T21:24:50","guid":{"rendered":"https:\/\/ladepeche.mr\/?p=7360"},"modified":"2023-09-26T21:24:50","modified_gmt":"2023-09-26T21:24:50","slug":"le-chef-detat-major-des-armees-recoit-une-delegation-de-lalliance-militaire-islamique-de-lutte-contre-le-terrorisme-amilt","status":"publish","type":"post","link":"https:\/\/ladepeche.mr\/?p=7360","title":{"rendered":"Le Chef d\u2019Etat-Major des Arm\u00e9es re\u00e7oit une d\u00e9l\u00e9gation de l&#8217;Alliance Militaire Islamique de Lutte contre le Terrorisme (AMILT)"},"content":{"rendered":"<p>Le Chef de l\u2019Etat-Major G\u00e9n\u00e9ral des Arm\u00e9es, le g\u00e9n\u00e9ral de corps d\u2019arm\u00e9e Mokhtar Bella Chaabane, a tenu, mardi \u00e0 Nouakchott, une s\u00e9ance de travail avec la d\u00e9l\u00e9gation de la Alliance Militaire Islamique de Lutte contre le Terrorisme (AMILT), conduite par le secr\u00e9taire g\u00e9n\u00e9ral de la Coalition, le g\u00e9n\u00e9ral de division pilote Mohamed Ben Said Lemgheidi.<\/p>\n<p>L\u2019audience, qui s\u2019inscrit dans le cadre de la visite de travail que la d\u00e9l\u00e9gation de la coalition effectue actuellement dans notre pays, a port\u00e9 sur les relations de coop\u00e9ration entre l\u2019Etat-Major g\u00e9n\u00e9ral des forces arm\u00e9es et le secr\u00e9tariat g\u00e9n\u00e9ral de la coalition ainsi que les moyens de les renforcer, en particulier, dans le domaine de la lutte contre le terrorisme.<\/p>\n<p>La r\u00e9union s\u2019est d\u00e9roul\u00e9e en pr\u00e9sence du g\u00e9n\u00e9ral Habiboullah Ould Ahmedou, chef de l\u2019\u00e9tat-major g\u00e9n\u00e9ral des forces arm\u00e9es adjoint, du g\u00e9n\u00e9ral Mohamed Vall Rais Rais, directeur de l\u2019administration centrale du mat\u00e9riel relevant de l\u2019\u00e9tat-major g\u00e9n\u00e9ral des forces arm\u00e9es, du secr\u00e9taire g\u00e9n\u00e9ral du minist\u00e8re de la D\u00e9fense nationale, le g\u00e9n\u00e9ral Souleimane Ould Ebbouda, au c\u00f4t\u00e9 des membres des deux d\u00e9l\u00e9gations et certains haut grad\u00e9s des forces arm\u00e9es.<br \/>\nAmi<\/p>\n","protected":false},"excerpt":{"rendered":"<p>Le Chef de l\u2019Etat-Major G\u00e9n\u00e9ral des Arm\u00e9es, le g\u00e9n\u00e9ral de corps d\u2019arm\u00e9e Mokhtar Bella Chaabane, a tenu, mardi \u00e0 Nouakchott, une s\u00e9ance de travail avec la d\u00e9l\u00e9gation de la Alliance Militaire Islamique de Lutte contre le Terrorisme (AMILT), conduite par le secr\u00e9taire g\u00e9n\u00e9ral de la Coalition, le g\u00e9n\u00e9ral de division pilote Mohamed Ben Said Lemgheidi. &hellip;<\/p>\n","protected":false},"author":2,"featured_media":7361,"comment_status":"open","ping_status":"open","sticky":false,"template":"","format":"standard","meta":{"footnotes":""},"categories":[18,29],"tags":[],"class_list":["post-7360","post","type-post","status-publish","format-standard","has-post-thumbnail","hentry","category-actualites","category-monde"],"_links":{"self":[{"href":"https:\/\/ladepeche.mr\/index.php?rest_route=\/wp\/v2\/posts\/7360","targetHints":{"allow":["GET"]}}],"collection":[{"href":"https:\/\/ladepeche.mr\/index.php?rest_route=\/wp\/v2\/posts"}],"about":[{"href":"https:\/\/ladepeche.mr\/index.php?rest_route=\/wp\/v2\/types\/post"}],"author":[{"embeddable":true,"href":"https:\/\/ladepeche.mr\/index.php?rest_route=\/wp\/v2\/users\/2"}],"replies":[{"embeddable":true,"href":"https:\/\/ladepeche.mr\/index.php?rest_route=%2Fwp%2Fv2%2Fcomments&post=7360"}],"version-history":[{"count":1,"href":"https:\/\/ladepeche.mr\/index.php?rest_route=\/wp\/v2\/posts\/7360\/revisions"}],"predecessor-version":[{"id":7362,"href":"https:\/\/ladepeche.mr\/index.php?rest_route=\/wp\/v2\/posts\/7360\/revisions\/7362"}],"wp:featuredmedia":[{"embeddable":true,"href":"https:\/\/ladepeche.mr\/index.php?rest_route=\/wp\/v2\/media\/7361"}],"wp:attachment":[{"href":"https:\/\/ladepeche.mr\/index.php?rest_route=%2Fwp%2Fv2%2Fmedia&parent=7360"}],"wp:term":[{"taxonomy":"category","embeddable":true,"href":"https:\/\/ladepeche.mr\/index.php?rest_route=%2Fwp%2Fv2%2Fcategories&post=7360"},{"taxonomy":"post_tag","embeddable":true,"href":"https:\/\/ladepeche.mr\/index.php?rest_route=%2Fwp%2Fv2%2Ftags&post=7360"}],"curies":[{"name":"wp","href":"https:\/\/api.w.org\/{rel}","templated":true}]}}