{"id":7369,"date":"2023-09-26T21:45:57","date_gmt":"2023-09-26T21:45:57","guid":{"rendered":"https:\/\/ladepeche.mr\/?p=7369"},"modified":"2023-09-26T21:45:57","modified_gmt":"2023-09-26T21:45:57","slug":"signature-dun-accord-de-partenariat-entre-la-zone-franche-de-nouadhibou-et-la-snim","status":"publish","type":"post","link":"https:\/\/ladepeche.mr\/?p=7369","title":{"rendered":"Signature d\u2019un accord de partenariat entre la Zone Franche de Nouadhibou et la SNIM"},"content":{"rendered":"<p>Le pr\u00e9sident de l\u2019Autorit\u00e9 de la Zone Franche de Nouadhibou, M. Ba Abdoullay Mamadou, et le directeur g\u00e9n\u00e9ral administratif de la Soci\u00e9t\u00e9 Nationale de l\u2019Industrie et des Mines, SNIM, M. Mohamed Vall Ould Tleimidi, ont sign\u00e9, lundi apr\u00e8s-midi, au si\u00e8ge de l\u2019Autorit\u00e9 de la Zone Franche de Nouadhibou, une convention de partenariat aux termes de laquelle la zone franche accorde un terrain \u00e0 la SNIM, d\u2019une superficie de 48 hectares, pour la construction de logements sociaux pour les travailleurs.<\/p>\n<p>Dans une d\u00e9claration au bureau de l\u2019Agence Mauritanienne d\u2019Information, M. Bah Ould Choumad, directeur de la Communication de la Soci\u00e9t\u00e9 SNIM, a exprim\u00e9 les remerciements de la SNIM \u00e0 la Zone Franche pour l\u2019octroi de ce terrain et l\u2019importance de cet accord qui s\u2019inscrit dans le nouveau dispositif strat\u00e9gique de la soci\u00e9t\u00e9 qui adopte une politique du logement pour encourager les travailleurs \u00e0 acc\u00e9der \u00e0 la propri\u00e9t\u00e9.<\/p>\n<p>Quant \u00e0 M. Guiss\u00e9 Mamadou, directeur g\u00e9n\u00e9ral des Infrastructures de la Zone Franche, il a soulign\u00e9 l\u2019importance et l\u2019emplacement du terrain situ\u00e9 sur la route Cabano, il a \u00e9galement appr\u00e9ci\u00e9 l\u2019importance du partenariat entre l\u2019Autorit\u00e9 et la Soci\u00e9t\u00e9 SNIM dans le cadre du programme de logement social.<\/p>\n<p>Le pr\u00e9sident de l\u2019Autorit\u00e9 de la Zone Franche de Nouadhibou a visit\u00e9 le chantier de construction du centre commercial (centre d\u2019affaires), dont le taux d\u2019occupation a atteint 60%, et a visit\u00e9 son b\u00e2timent, s\u2019enqu\u00e9rant aupr\u00e8s des superviseurs sur les bases techniques et les normes sp\u00e9cifi\u00e9es pour le b\u00e2timent, o\u00f9 des explications d\u00e9taill\u00e9es lui ont \u00e9t\u00e9 fournies.<\/p>\n<p>Le centre est situ\u00e9 sur une superficie de 15 000 m\u00e8tres carr\u00e9s et se compose d\u2019un rez-de-chauss\u00e9e et de trois \u00e9tages qui comprennent des magasins commerciaux, des banques, deux salles de conf\u00e9rence, en plus d\u2019un parking et d\u2019espaces verts.<\/p>\n<p>Il a \u00e9galement pass\u00e9 en revue les travaux en cours de r\u00e9habilitation de la route reliant le quartier g\u00e9n\u00e9ral de la Premi\u00e8re R\u00e9gion militaire au quartier Duba\u00ef, d\u2019une longueur de 2 150 m\u00e8tres, d\u2019une largeur de 17 m\u00e8tres et d\u2019une \u00e9paisseur de 25 cm. Le taux d\u2019avancement des travaux a atteint 30%.<\/p>\n<p>La c\u00e9r\u00e9monie de signature s\u2019est d\u00e9roul\u00e9e en pr\u00e9sence du secr\u00e9taire g\u00e9n\u00e9ral de la zone franche de Nouadhibou, M. Sidi Maouloud Brahim Ahmedatt, ainsi que de plusieurs responsables de la SNIM et de la zone franche.<br \/>\nAmi<\/p>\n","protected":false},"excerpt":{"rendered":"<p>Le pr\u00e9sident de l\u2019Autorit\u00e9 de la Zone Franche de Nouadhibou, M. Ba Abdoullay Mamadou, et le directeur g\u00e9n\u00e9ral administratif de la Soci\u00e9t\u00e9 Nationale de l\u2019Industrie et des Mines, SNIM, M. Mohamed Vall Ould Tleimidi, ont sign\u00e9, lundi apr\u00e8s-midi, au si\u00e8ge de l\u2019Autorit\u00e9 de la Zone Franche de Nouadhibou, une convention de partenariat aux termes de &hellip;<\/p>\n","protected":false},"author":2,"featured_media":7370,"comment_status":"open","ping_status":"open","sticky":false,"template":"","format":"standard","meta":{"footnotes":""},"categories":[18,2],"tags":[],"class_list":["post-7369","post","type-post","status-publish","format-standard","has-post-thumbnail","hentry","category-actualites","category-economie"],"_links":{"self":[{"href":"https:\/\/ladepeche.mr\/index.php?rest_route=\/wp\/v2\/posts\/7369","targetHints":{"allow":["GET"]}}],"collection":[{"href":"https:\/\/ladepeche.mr\/index.php?rest_route=\/wp\/v2\/posts"}],"about":[{"href":"https:\/\/ladepeche.mr\/index.php?rest_route=\/wp\/v2\/types\/post"}],"author":[{"embeddable":true,"href":"https:\/\/ladepeche.mr\/index.php?rest_route=\/wp\/v2\/users\/2"}],"replies":[{"embeddable":true,"href":"https:\/\/ladepeche.mr\/index.php?rest_route=%2Fwp%2Fv2%2Fcomments&post=7369"}],"version-history":[{"count":1,"href":"https:\/\/ladepeche.mr\/index.php?rest_route=\/wp\/v2\/posts\/7369\/revisions"}],"predecessor-version":[{"id":7371,"href":"https:\/\/ladepeche.mr\/index.php?rest_route=\/wp\/v2\/posts\/7369\/revisions\/7371"}],"wp:featuredmedia":[{"embeddable":true,"href":"https:\/\/ladepeche.mr\/index.php?rest_route=\/wp\/v2\/media\/7370"}],"wp:attachment":[{"href":"https:\/\/ladepeche.mr\/index.php?rest_route=%2Fwp%2Fv2%2Fmedia&parent=7369"}],"wp:term":[{"taxonomy":"category","embeddable":true,"href":"https:\/\/ladepeche.mr\/index.php?rest_route=%2Fwp%2Fv2%2Fcategories&post=7369"},{"taxonomy":"post_tag","embeddable":true,"href":"https:\/\/ladepeche.mr\/index.php?rest_route=%2Fwp%2Fv2%2Ftags&post=7369"}],"curies":[{"name":"wp","href":"https:\/\/api.w.org\/{rel}","templated":true}]}}