{"id":7383,"date":"2023-09-27T18:39:20","date_gmt":"2023-09-27T18:39:20","guid":{"rendered":"https:\/\/ladepeche.mr\/?p=7383"},"modified":"2023-09-27T18:39:20","modified_gmt":"2023-09-27T18:39:20","slug":"maroc-fouzi-lekjaa-la-designation-du-maroc-pays-hote-de-la-can-2025-est-le-couronnement-du-processus-de-developpement-mene-par-sm-le-roi-mohammed-vi","status":"publish","type":"post","link":"https:\/\/ladepeche.mr\/?p=7383","title":{"rendered":"Maroc\/ Fouzi Lekjaa: La d\u00e9signation du Maroc pays h\u00f4te de la CAN-2025 est \u2018\u2019 le couronnement du processus de d\u00e9veloppement men\u00e9 par SM le Roi Mohammed VI\u2019\u2019"},"content":{"rendered":"<p>Le Caire &#8211; Le pr\u00e9sident de la F\u00e9d\u00e9ration royale marocaine de football (FRMF), FouziLekjaa, a affirm\u00e9 que l&#8217;unanimit\u00e9 des membres du Comit\u00e9 ex\u00e9cutif de la Conf\u00e9d\u00e9ration africaine de football (CAF) pour accorder au Maroc l&#8217;honneur d&#8217;accueillir la Coupe d&#8217;Afrique des Nations CAN-2025 constitue un couronnement du processus de d\u00e9veloppement men\u00e9 par Sa Majest\u00e9 le Roi Mohammed VI depuis plus de deux d\u00e9cennies dans divers domaines.<br \/>\n\u00a0<br \/>\nDans une d\u00e9claration \u00e0 la MAP \u00e0 l&#8217;issue de la r\u00e9union du Comit\u00e9 ex\u00e9cutif de la CAF, mercredi au Caire, M. Lekjaa a soulign\u00e9 que ce choix confirme aussi que le Maroc est pr\u00eat \u00e0 accueillir les grands \u00e9v\u00e9nements sportifs dans les meilleures conditions.<\/p>\n<p>Il a affirm\u00e9 \u00e0 ce propos : &#8220;Aujourd&#8217;hui, le Maroc, \u00e0 l\u2019unanimit\u00e9 africaine, sans le moindre d\u00e9bat, a l&#8217;honneur d&#8217;organiser la prochaine \u00e9dition de la Coupe d&#8217;Afrique des Nations, c&#8217;est le couronnement d&#8217;un travail formidable men\u00e9 par un Grand Roi. C&#8217;est aussi la meilleure r\u00e9compense pour un peuple passionn\u00e9 de football&#8221;.<\/p>\n<p>Il a poursuivi que l\u2019organisation de la CAN-2025 au Maroc est une premi\u00e8re \u00e9tape qui sera suivie d&#8217;une autre, \u00e0 savoir la candidature pour accueillir la Coupe du monde 2030 conjointement avec l&#8217;Espagne et le Portugal. A cet \u00e9gard, M. Lakjaa a soulign\u00e9 que le Royaume fera de cet \u00e9v\u00e9nement &#8220;un renouveau de la civilisation m\u00e9diterran\u00e9enne entre le nord et le sud de la M\u00e9diterran\u00e9e&#8221;, notant que le continent africain se mobilisera derri\u00e8re le Maroc pour remporter le pari, qui est aussi un pari africain.<\/p>\n<p>Le Royaume du Maroc a \u00e9t\u00e9 d\u00e9sign\u00e9 \u00e0 l&#8217;unanimit\u00e9 pays h\u00f4te de la 35\u00e8me \u00e9dition de la Coupe d&#8217;Afrique des Nations (CAN-2025), \u00e0 l&#8217;issue de la r\u00e9union des membres du Comit\u00e9 ex\u00e9cutif de la CAF, mercredi au Caire. Le Comit\u00e9 a aussi confi\u00e9 l&#8217;organisation de la CAN-2027 au Kenya, \u00e0 l&#8217;Ouganda et \u00e0 la Tanzanie, qui ont pr\u00e9sent\u00e9 une candidature\u00a0commune.<br \/>\navec m\u00e9dias<\/p>\n","protected":false},"excerpt":{"rendered":"<p>Le Caire &#8211; Le pr\u00e9sident de la F\u00e9d\u00e9ration royale marocaine de football (FRMF), FouziLekjaa, a affirm\u00e9 que l&#8217;unanimit\u00e9 des membres du Comit\u00e9 ex\u00e9cutif de la Conf\u00e9d\u00e9ration africaine de football (CAF) pour accorder au Maroc l&#8217;honneur d&#8217;accueillir la Coupe d&#8217;Afrique des Nations CAN-2025 constitue un couronnement du processus de d\u00e9veloppement men\u00e9 par Sa Majest\u00e9 le Roi &hellip;<\/p>\n","protected":false},"author":2,"featured_media":7384,"comment_status":"open","ping_status":"open","sticky":false,"template":"","format":"standard","meta":{"footnotes":""},"categories":[18,29,17],"tags":[],"class_list":["post-7383","post","type-post","status-publish","format-standard","has-post-thumbnail","hentry","category-actualites","category-monde","category-sports"],"_links":{"self":[{"href":"https:\/\/ladepeche.mr\/index.php?rest_route=\/wp\/v2\/posts\/7383","targetHints":{"allow":["GET"]}}],"collection":[{"href":"https:\/\/ladepeche.mr\/index.php?rest_route=\/wp\/v2\/posts"}],"about":[{"href":"https:\/\/ladepeche.mr\/index.php?rest_route=\/wp\/v2\/types\/post"}],"author":[{"embeddable":true,"href":"https:\/\/ladepeche.mr\/index.php?rest_route=\/wp\/v2\/users\/2"}],"replies":[{"embeddable":true,"href":"https:\/\/ladepeche.mr\/index.php?rest_route=%2Fwp%2Fv2%2Fcomments&post=7383"}],"version-history":[{"count":1,"href":"https:\/\/ladepeche.mr\/index.php?rest_route=\/wp\/v2\/posts\/7383\/revisions"}],"predecessor-version":[{"id":7385,"href":"https:\/\/ladepeche.mr\/index.php?rest_route=\/wp\/v2\/posts\/7383\/revisions\/7385"}],"wp:featuredmedia":[{"embeddable":true,"href":"https:\/\/ladepeche.mr\/index.php?rest_route=\/wp\/v2\/media\/7384"}],"wp:attachment":[{"href":"https:\/\/ladepeche.mr\/index.php?rest_route=%2Fwp%2Fv2%2Fmedia&parent=7383"}],"wp:term":[{"taxonomy":"category","embeddable":true,"href":"https:\/\/ladepeche.mr\/index.php?rest_route=%2Fwp%2Fv2%2Fcategories&post=7383"},{"taxonomy":"post_tag","embeddable":true,"href":"https:\/\/ladepeche.mr\/index.php?rest_route=%2Fwp%2Fv2%2Ftags&post=7383"}],"curies":[{"name":"wp","href":"https:\/\/api.w.org\/{rel}","templated":true}]}}