{"id":7399,"date":"2023-10-07T20:41:21","date_gmt":"2023-10-07T20:41:21","guid":{"rendered":"https:\/\/ladepeche.mr\/?p=7399"},"modified":"2023-10-07T20:41:21","modified_gmt":"2023-10-07T20:41:21","slug":"offensive-militaire-du-hamas-la-violence-reprend-entre-gaza-et-israel","status":"publish","type":"post","link":"https:\/\/ladepeche.mr\/?p=7399","title":{"rendered":"Offensive militaire du Hamas : la violence reprend entre Gaza et Isra\u00ebl"},"content":{"rendered":"<p>L&#8217;attaque surprise a conjugu\u00e9 l&#8217;infiltration d&#8217;hommes arm\u00e9s en sol isra\u00e9lien et un tir nourri de milliers de roquettes.<\/p>\n<p>Aujourd\u2019hui<br \/>\n17 h 35<br \/>\nL&#8217;Allemagne d\u00e9conseille fortement de voyager en Isra\u00ebl<br \/>\nLe gouvernement allemand d\u00e9conseille fortement \u00e0 ses ressortissants de se rendre en Isra\u00ebl et dans les territoires palestiniens, apr\u00e8s l&#8217;offensive surprise contre Isra\u00ebl lanc\u00e9e de la bande de Gaza par le Hamas.<\/p>\n<p>Plus t\u00f4t, le groupe a\u00e9rien allemand Lufthansa, premier transporteur europ\u00e9en, a annonc\u00e9 la r\u00e9duction de ses vols en provenance et \u00e0 destination d&#8217;Isra\u00ebl, seul un avion devant toujours d\u00e9coller samedi de Tel-Aviv pour Francfort.<\/p>\n<p>Le Proche-Orient risque une escalade r\u00e9gionale majeure apr\u00e8s les attaques terroristes du Hamas, selon la ministre allemande des Affaires \u00e9trang\u00e8res Annalena Baerbock, qui redoute que d&#8217;autres acteurs se joignent \u00e0 l&#8217;offensive.<\/p>\n<p>17 h 22<br \/>\nAu moins 150 Isra\u00e9liens ont \u00e9t\u00e9 tu\u00e9s dans les attaques men\u00e9es par le Hamas, selon la cha\u00eene isra\u00e9lienne N12.<\/p>\n<p>Le minist\u00e8re isra\u00e9lien de la Sant\u00e9 fait \u00e9tat de plus de 1100 Isra\u00e9liens bless\u00e9s.<\/p>\n<p>17 h 19<br \/>\nAide consulaire du Canada \u00e0 Gaza limit\u00e9e<br \/>\nAffaires mondiales Canada exhorte tous les Canadiens qui se trouvent dans les secteurs concern\u00e9s de rester extr\u00eamement prudents et de demeurer \u00e0 l&#8217;abri jusqu&#8217;\u00e0 ce qu&#8217;ils puissent quitter les lieux en s\u00e9curit\u00e9.<\/p>\n<p>Les autorit\u00e9s rappellent que la capacit\u00e9 du gouvernement du Canada \u00e0 fournir des services consulaires dans la bande de Gaza reste limit\u00e9e.<\/p>\n<p>En cas de d\u00e9portation [sic], les autorit\u00e9s locales ne sont pas tenues d&#8217;informer l&#8217;ambassade du Canada \u00e0 Tel-Aviv ni le bureau de repr\u00e9sentation du Canada \u00e0 Ramallah. Par cons\u00e9quent, il se peut que les repr\u00e9sentants canadiens ne soient pas en mesure de vous fournir une aide consulaire.<\/p>\n<p>Dans une r\u00e9cente mise \u00e0 jour de ses avis de s\u00e9curit\u00e9 pour les voyageurs, le gouvernement canadien \u00e9value que les op\u00e9rations militaires devraient se poursuivre apr\u00e8s les tirs de roquettes de Gaza vers le sud et le centre d&#8217;Isra\u00ebl, y compris Tel-Aviv et J\u00e9rusalem.<\/p>\n<p>https:\/\/ici.radio-canada.ca\/info\/en-direct\/1010806\/attaque-hamas-palestiniens-israel<\/p>\n","protected":false},"excerpt":{"rendered":"<p>L&#8217;attaque surprise a conjugu\u00e9 l&#8217;infiltration d&#8217;hommes arm\u00e9s en sol isra\u00e9lien et un tir nourri de milliers de roquettes. Aujourd\u2019hui 17 h 35 L&#8217;Allemagne d\u00e9conseille fortement de voyager en Isra\u00ebl Le gouvernement allemand d\u00e9conseille fortement \u00e0 ses ressortissants de se rendre en Isra\u00ebl et dans les territoires palestiniens, apr\u00e8s l&#8217;offensive surprise contre Isra\u00ebl lanc\u00e9e de la &hellip;<\/p>\n","protected":false},"author":2,"featured_media":7400,"comment_status":"open","ping_status":"open","sticky":false,"template":"","format":"standard","meta":{"footnotes":""},"categories":[18],"tags":[],"class_list":["post-7399","post","type-post","status-publish","format-standard","has-post-thumbnail","hentry","category-actualites"],"_links":{"self":[{"href":"https:\/\/ladepeche.mr\/index.php?rest_route=\/wp\/v2\/posts\/7399","targetHints":{"allow":["GET"]}}],"collection":[{"href":"https:\/\/ladepeche.mr\/index.php?rest_route=\/wp\/v2\/posts"}],"about":[{"href":"https:\/\/ladepeche.mr\/index.php?rest_route=\/wp\/v2\/types\/post"}],"author":[{"embeddable":true,"href":"https:\/\/ladepeche.mr\/index.php?rest_route=\/wp\/v2\/users\/2"}],"replies":[{"embeddable":true,"href":"https:\/\/ladepeche.mr\/index.php?rest_route=%2Fwp%2Fv2%2Fcomments&post=7399"}],"version-history":[{"count":1,"href":"https:\/\/ladepeche.mr\/index.php?rest_route=\/wp\/v2\/posts\/7399\/revisions"}],"predecessor-version":[{"id":7401,"href":"https:\/\/ladepeche.mr\/index.php?rest_route=\/wp\/v2\/posts\/7399\/revisions\/7401"}],"wp:featuredmedia":[{"embeddable":true,"href":"https:\/\/ladepeche.mr\/index.php?rest_route=\/wp\/v2\/media\/7400"}],"wp:attachment":[{"href":"https:\/\/ladepeche.mr\/index.php?rest_route=%2Fwp%2Fv2%2Fmedia&parent=7399"}],"wp:term":[{"taxonomy":"category","embeddable":true,"href":"https:\/\/ladepeche.mr\/index.php?rest_route=%2Fwp%2Fv2%2Fcategories&post=7399"},{"taxonomy":"post_tag","embeddable":true,"href":"https:\/\/ladepeche.mr\/index.php?rest_route=%2Fwp%2Fv2%2Ftags&post=7399"}],"curies":[{"name":"wp","href":"https:\/\/api.w.org\/{rel}","templated":true}]}}