{"id":7413,"date":"2023-10-08T12:51:07","date_gmt":"2023-10-08T12:51:07","guid":{"rendered":"https:\/\/ladepeche.mr\/?p=7413"},"modified":"2023-10-08T12:54:10","modified_gmt":"2023-10-08T12:54:10","slug":"hanena-ould-sidi-visite-dans-lest-du-pays-frontiere-sous-haute-tension","status":"publish","type":"post","link":"https:\/\/ladepeche.mr\/?p=7413","title":{"rendered":"Hanena Ould Sidi : Visite dans l&#8217;Est du pays, fronti\u00e8re sous haute tension"},"content":{"rendered":"<p>La situation s\u00e9curitaire au Mali devient de plus en plus pr\u00e9caire. Elle est favoris\u00e9e par le retrait de la Minusma et l\u2019implication de forces \u00e9trang\u00e8res (Wagner) dans la r\u00e9gion. Une situation que Mauritanie suit avec attention et une grande pr\u00e9occupation. Les r\u00e9cents d\u00e9veloppements sur le terrain poussent les tentacules de l\u2019instabilit\u00e9 vers l\u2019Est du pays mitoyen du Mali.<br \/>\nLa guerre fait rage \u00e0 l\u2019Est de nos fronti\u00e8res et plus g\u00e9n\u00e9ralement sur toutes les fronti\u00e8res maliennes. Tant\u00f4t entre l\u2019Etat malien et les touaregs, tant\u00f4t au sein de la n\u00e9buleuse terroriste elle-m\u00eame pour une mainmise sur des portions du territoire. Ce n\u2019est donc pas une simple revue d\u2019effectif que le ministre de la d\u00e9fense m\u00e8ne, en compagnie du G\u00e9n\u00e9ral de division Moctar Bellah Chaabane, chef d\u2019Etat-Major G\u00e9n\u00e9ral des Arm\u00e9es, dans la partie orientale du pays.<br \/>\nLe moment semble grave et le commandement militaire en prend la juste mesure d\u2019autant que les derni\u00e8res \u00e9chauffour\u00e9es entre les bellig\u00e9rants aux accords de paix maliens ont indirectement impliqu\u00e9, pour des raisons humanitaires, notre pays.<br \/>\nC\u2019est donc une visite d\u2019inspection et d\u2019informations sur les conditions de d\u00e9ploiements des unit\u00e9s militaires stationn\u00e9es \u00e0 la fronti\u00e8re Est du pays qui est \u00e0 l\u2019ordre du jour. Il s\u2019agit de jauger le moral des troupes, de veiller au grain pour leur op\u00e9rationnalit\u00e9 extr\u00eame de poursuivre la formation de terrain. Un souci qui animerait le pr\u00e9sident de la R\u00e9publique lui-m\u00eame. Le message \u00e9tait clair. Les troupes devraient \u00eatre pr\u00eates \u00e0 toute vell\u00e9it\u00e9 ext\u00e9rieure pour perp\u00e9tuer la posture et garantir la s\u00e9curit\u00e9 de nos ressortissants.<br \/>\nLe ministre de la d\u00e9fense, Hanena Ould Sidi, a exhort\u00e9 dans ce sens \u00e0 \u00ab pers\u00e9v\u00e9rer dans le travail, de pr\u00eater attention \u00e0 la formation du personnel, d\u2019assurer la maintenance des \u00e9quipements et de d\u00e9velopper les capacit\u00e9s op\u00e9rationnelles des unit\u00e9s de terrain \u00bb. La Mauritanie sonne ainsi la mobilisation de ses troupes mass\u00e9es \u00e0 la fronti\u00e8re.<br \/>\nA noter enfin que la visite d\u2019inspection a \u00e9t\u00e9 effectu\u00e9e en pr\u00e9sence du G\u00e9n\u00e9ral de brigade Mohamed Moctar Ould Meni, chef d\u2019\u00e9tat-major de l\u2019arm\u00e9e de terre et du G\u00e9n\u00e9ral de brigade Abdallahi Mohamed Sidi Lemine, commandant de la 5\u00e8me r\u00e9gion militaire.<\/p>\n","protected":false},"excerpt":{"rendered":"<p>La situation s\u00e9curitaire au Mali devient de plus en plus pr\u00e9caire. Elle est favoris\u00e9e par le retrait de la Minusma et l\u2019implication de forces \u00e9trang\u00e8res (Wagner) dans la r\u00e9gion. Une situation que Mauritanie suit avec attention et une grande pr\u00e9occupation. Les r\u00e9cents d\u00e9veloppements sur le terrain poussent les tentacules de l\u2019instabilit\u00e9 vers l\u2019Est du pays &hellip;<\/p>\n","protected":false},"author":2,"featured_media":7414,"comment_status":"open","ping_status":"open","sticky":false,"template":"","format":"standard","meta":{"footnotes":""},"categories":[18],"tags":[],"class_list":["post-7413","post","type-post","status-publish","format-standard","has-post-thumbnail","hentry","category-actualites"],"_links":{"self":[{"href":"https:\/\/ladepeche.mr\/index.php?rest_route=\/wp\/v2\/posts\/7413","targetHints":{"allow":["GET"]}}],"collection":[{"href":"https:\/\/ladepeche.mr\/index.php?rest_route=\/wp\/v2\/posts"}],"about":[{"href":"https:\/\/ladepeche.mr\/index.php?rest_route=\/wp\/v2\/types\/post"}],"author":[{"embeddable":true,"href":"https:\/\/ladepeche.mr\/index.php?rest_route=\/wp\/v2\/users\/2"}],"replies":[{"embeddable":true,"href":"https:\/\/ladepeche.mr\/index.php?rest_route=%2Fwp%2Fv2%2Fcomments&post=7413"}],"version-history":[{"count":3,"href":"https:\/\/ladepeche.mr\/index.php?rest_route=\/wp\/v2\/posts\/7413\/revisions"}],"predecessor-version":[{"id":7417,"href":"https:\/\/ladepeche.mr\/index.php?rest_route=\/wp\/v2\/posts\/7413\/revisions\/7417"}],"wp:featuredmedia":[{"embeddable":true,"href":"https:\/\/ladepeche.mr\/index.php?rest_route=\/wp\/v2\/media\/7414"}],"wp:attachment":[{"href":"https:\/\/ladepeche.mr\/index.php?rest_route=%2Fwp%2Fv2%2Fmedia&parent=7413"}],"wp:term":[{"taxonomy":"category","embeddable":true,"href":"https:\/\/ladepeche.mr\/index.php?rest_route=%2Fwp%2Fv2%2Fcategories&post=7413"},{"taxonomy":"post_tag","embeddable":true,"href":"https:\/\/ladepeche.mr\/index.php?rest_route=%2Fwp%2Fv2%2Ftags&post=7413"}],"curies":[{"name":"wp","href":"https:\/\/api.w.org\/{rel}","templated":true}]}}