{"id":7418,"date":"2023-10-09T20:02:15","date_gmt":"2023-10-09T20:02:15","guid":{"rendered":"https:\/\/ladepeche.mr\/?p=7418"},"modified":"2023-10-09T20:02:15","modified_gmt":"2023-10-09T20:02:15","slug":"gaza-palestine-le-droit-de-resister-a-loppression","status":"publish","type":"post","link":"https:\/\/ladepeche.mr\/?p=7418","title":{"rendered":"Gaza-Palestine. Le droit de r\u00e9sister \u00e0 l\u2019oppression"},"content":{"rendered":"<p>C\u2019\u00e9tait aussi au mois d\u2019octobre, il y a juste cinquante ans, en 1973. Les arm\u00e9es \u00e9gyptienne et syrienne franchissaient les lignes de cessez-le-feu et infligeaient de lourdes pertes \u00e0 l\u2019arm\u00e9e isra\u00e9lienne. Quelle terrible commotion \u00e0 Tel-Aviv ! Alors que ses services de renseignement disposaient d\u2019informations sur une attaque imminente, la direction politique resta drap\u00e9e dans sa morgue : les Arabes, d\u00e9faits en 1967, \u00e9taient incapables de se battre ; l\u2019occupation des territoires arabes pouvait se poursuivre impun\u00e9ment et ind\u00e9finiment.<\/p>\n<p>\u00ab TENTER DE REMETTRE LES PIEDS CHEZ SOI, EST-CE UNE AGRESSION ? \u00bb<br \/>\nNombre de commentateurs en Europe et aux \u00c9tats-Unis d\u00e9nonc\u00e8rent alors une \u00ab agression \u00bb \u00e9gypto-syrienne injustifiable, immorale, non provoqu\u00e9e \u2014 un terme que les dirigeants isra\u00e9liens affectionnent, car il permet d\u2019occulter la racine des conflits : l\u2019occupation. Michel Jobert, \u00e0 l\u2019\u00e9poque ministre des affaires \u00e9trang\u00e8res de la France, fit preuve d\u2019une lucidit\u00e9 qui honorait son pays : \u00ab Est-ce que tenter de remettre les pieds chez soi constitue forc\u00e9ment une agression ?1 \u00bb Il est vrai qu\u2019\u00e0 l\u2019\u00e9poque la voix de Paris planait \u00e0 mille lieues au-dessus du concert occidental et proclamait que la reconnaissance des droits nationaux des Palestiniens et l\u2019\u00e9vacuation des territoires arabes occup\u00e9s en 1967 \u00e9taient les clefs de la paix.<\/p>\n<p>Si vouloir en finir en 1973 avec l\u2019occupation du Sina\u00ef \u00e9gyptien et du Golan syrien \u00e9tait l\u00e9gitime, cinquante ans plus tard la volont\u00e9 des Palestiniens de s\u2019affranchir de l\u2019occupation isra\u00e9lienne est-elle ill\u00e9gitime ? Tel-Aviv, comme en octobre 1973, a \u00e9t\u00e9 pris de court par l\u2019action palestinienne et a subi une d\u00e9faite militaire d\u2019une ampleur exceptionnelle. Cette fois aussi, la morgue de l\u2019occupant, le m\u00e9pris pour les Palestiniens, la conviction de ce gouvernement supr\u00e9maciste juif persuad\u00e9 que Dieu est \u00e0 ses c\u00f4t\u00e9s ont contribu\u00e9 \u00e0 son aveuglement.<\/p>\n<p>L\u2019attaque d\u00e9clench\u00e9e par le commandement militaire conjoint de la plupart des organisations palestiniennes, sous la direction des Brigades Ezzedine Al-Qassam (bras arm\u00e9 du Hamas), n\u2019a pas seulement surpris par le moment choisi, mais aussi par son ampleur, son organisation, et les capacit\u00e9s militaires d\u00e9ploy\u00e9es qui ont permis, entre autres, de submerger des bases militaires isra\u00e9liennes. Elle a uni tous les Palestiniens et suscit\u00e9 une large adh\u00e9sion dans un monde arabe dont les dirigeants cherchent pourtant \u00e0 pactiser avec Isra\u00ebl en sacrifiant la Palestine. M\u00eame Mahmoud Abbas, pr\u00e9sident d\u2019une Autorit\u00e9 palestinienne d\u00e9mon\u00e9tis\u00e9e, dont la principale raison d\u2019\u00eatre est la coop\u00e9ration s\u00e9curitaire avec l\u2019arm\u00e9e isra\u00e9lienne, s\u2019est senti oblig\u00e9 de d\u00e9clarer que son peuple \u00ab avait le droit de se d\u00e9fendre contre la terreur des colons et des troupes d\u2019occupation \u00bb et que \u00ab nous devons prot\u00e9ger notre peuple2  \u00bb.<\/p>\n<p>TOUS TERRORISTES !<br \/>\n\u00c0 chaque fois que les Palestiniens se r\u00e9voltent, l\u2019Occident \u2014 si prompt \u00e0 glorifier la r\u00e9sistance des Ukrainiens \u2014 invoque le terrorisme. Ainsi, le pr\u00e9sident Emmanuel Macron a condamn\u00e9 \u00ab fermement les attaques terroristes qui frappent actuellement Isra\u00ebl \u00bb, sans un mot sur la poursuite de l\u2019occupation qui est le ressort de la violence. La r\u00e9silience tenace, farouche, ent\u00eat\u00e9e des Palestiniens \u00e9tonne toujours les occupants et semble choquer bon nombre d\u2019Occidentaux. Comme lors de la premi\u00e8re Intifada de 1987 ou de la seconde Intifada en 2000, lors des actions arm\u00e9es en Cisjordanie ou des mobilisations en faveur de J\u00e9rusalem, lors des affrontements autour de Gaza, assi\u00e9g\u00e9e depuis 2007 et qui a subi six guerres en 17 ans (400 morts en 2006, 1 300 en 2008-2009, 160 en 2012, 2 100 en 2014, pr\u00e8s de 300 en 2021 et plusieurs dizaines au printemps 2023), les responsables isra\u00e9liens d\u00e9noncent la \u00ab barbarie \u00bb de leurs adversaires, le fait qu\u2019ils ne font pas grand cas de la vie humaine, en un mot leur \u00ab terrorisme \u00bb.<\/p>\n<p>L\u2019accusation permet de se parer dans les habits du droit et de la bonne conscience, en occultant le syst\u00e8me d\u2019apartheid d\u2019une brutalit\u00e9 inou\u00efe qui opprime quotidiennement les Palestiniens.<\/p>\n<p>On rappellera, une fois de plus, que nombre d\u2019organisations terroristes, clou\u00e9es au pilori au cours de l\u2019histoire, sont pass\u00e9es du statut de paria \u00e0 celui d\u2019interlocuteur l\u00e9gitime. L\u2019Arm\u00e9e r\u00e9publicaine irlandaise (IRA), le Front de lib\u00e9ration nationale alg\u00e9rien, le Congr\u00e8s national africain (ANC) et bien d\u2019autres ont \u00e9t\u00e9 tour \u00e0 tour qualifi\u00e9es de \u00ab terroristes \u00bb, un mot qui visait \u00e0 d\u00e9politiser leur combat, \u00e0 le pr\u00e9senter comme un affrontement entre le Bien et le Mal. Finalement, il a fallu n\u00e9gocier avec elles. Le g\u00e9n\u00e9ral de Gaulle avait eu ces mots pr\u00e9monitoires apr\u00e8s l\u2019agression isra\u00e9lienne de juin 1967 : <strong>Maintenant Isra\u00ebl organise sur les territoires qu\u2019il a pris l\u2019occupation qui ne peut aller sans oppression, r\u00e9pression, expulsion et il s\u2019y manifeste contre lui une r\u00e9sistance qu\u2019il qualifie de terrorisme\u2026<\/strong><br \/>\nIL NE S\u2019AGIT PAS D\u2019UNE ATTAQUE \u00ab NON PROVOQU\u00c9E \u00bb<br \/>\nComme le remarque le journaliste isra\u00e9lien Haggai Matar : <strong>Contrairement \u00e0 ce qu\u2019affirment de nombreux Isra\u00e9liens (\u2026), il ne s\u2019agit pas d\u2019une attaque \u201cunilat\u00e9rale\u201d ou \u201cnon provoqu\u00e9e\u201d. L\u2019effroi que ressentent les Isra\u00e9liens en ce moment, y compris moi, n\u2019est qu\u2019une infime partie de ce que les Palestiniens ressentent quotidiennement sous le r\u00e9gime militaire qui s\u00e9vit depuis des d\u00e9cennies en Cisjordanie, ainsi que sous le si\u00e8ge et les assauts r\u00e9p\u00e9t\u00e9s contre Gaza. Les r\u00e9ponses que nous entendons de la part de nombreux Isra\u00e9liens \u2014 qui appellent \u00e0 \u201craser Gaza\u201d, qui disent que \u201cce sont des sauvages, pas des gens avec qui on peut n\u00e9gocier\u201d, \u201cils assassinent des familles enti\u00e8res\u201d ; \u201cil n\u2019y a pas de place pour parler avec ces gens\u201d \u2014 sont exactement celles que j\u2019ai entendues d\u2019innombrables fois dans la bouche des Palestiniens \u00e0 propos des Isra\u00e9liens 4.<\/strong><\/p>\n<p>On peut \u00e0 juste titre d\u00e9plorer, comme dans toute guerre, la mort de civils, mais y aurait-il de \u00ab bons civils \u00bb pour lesquels il faudrait verser des larmes et de \u00ab mauvais civils \u00bb comme les Palestiniens qui sont tu\u00e9s quotidiennement en Cisjordanie et dont la mort suscite si peu d\u2019indignation ?<\/p>\n<p>A. Gresh<\/p>\n","protected":false},"excerpt":{"rendered":"<p>C\u2019\u00e9tait aussi au mois d\u2019octobre, il y a juste cinquante ans, en 1973. Les arm\u00e9es \u00e9gyptienne et syrienne franchissaient les lignes de cessez-le-feu et infligeaient de lourdes pertes \u00e0 l\u2019arm\u00e9e isra\u00e9lienne. Quelle terrible commotion \u00e0 Tel-Aviv ! Alors que ses services de renseignement disposaient d\u2019informations sur une attaque imminente, la direction politique resta drap\u00e9e dans &hellip;<\/p>\n","protected":false},"author":2,"featured_media":7420,"comment_status":"open","ping_status":"open","sticky":false,"template":"","format":"standard","meta":{"footnotes":""},"categories":[18,29],"tags":[],"class_list":["post-7418","post","type-post","status-publish","format-standard","has-post-thumbnail","hentry","category-actualites","category-monde"],"_links":{"self":[{"href":"https:\/\/ladepeche.mr\/index.php?rest_route=\/wp\/v2\/posts\/7418","targetHints":{"allow":["GET"]}}],"collection":[{"href":"https:\/\/ladepeche.mr\/index.php?rest_route=\/wp\/v2\/posts"}],"about":[{"href":"https:\/\/ladepeche.mr\/index.php?rest_route=\/wp\/v2\/types\/post"}],"author":[{"embeddable":true,"href":"https:\/\/ladepeche.mr\/index.php?rest_route=\/wp\/v2\/users\/2"}],"replies":[{"embeddable":true,"href":"https:\/\/ladepeche.mr\/index.php?rest_route=%2Fwp%2Fv2%2Fcomments&post=7418"}],"version-history":[{"count":2,"href":"https:\/\/ladepeche.mr\/index.php?rest_route=\/wp\/v2\/posts\/7418\/revisions"}],"predecessor-version":[{"id":7421,"href":"https:\/\/ladepeche.mr\/index.php?rest_route=\/wp\/v2\/posts\/7418\/revisions\/7421"}],"wp:featuredmedia":[{"embeddable":true,"href":"https:\/\/ladepeche.mr\/index.php?rest_route=\/wp\/v2\/media\/7420"}],"wp:attachment":[{"href":"https:\/\/ladepeche.mr\/index.php?rest_route=%2Fwp%2Fv2%2Fmedia&parent=7418"}],"wp:term":[{"taxonomy":"category","embeddable":true,"href":"https:\/\/ladepeche.mr\/index.php?rest_route=%2Fwp%2Fv2%2Fcategories&post=7418"},{"taxonomy":"post_tag","embeddable":true,"href":"https:\/\/ladepeche.mr\/index.php?rest_route=%2Fwp%2Fv2%2Ftags&post=7418"}],"curies":[{"name":"wp","href":"https:\/\/api.w.org\/{rel}","templated":true}]}}