{"id":7422,"date":"2023-10-09T20:11:46","date_gmt":"2023-10-09T20:11:46","guid":{"rendered":"https:\/\/ladepeche.mr\/?p=7422"},"modified":"2023-10-09T20:11:46","modified_gmt":"2023-10-09T20:11:46","slug":"proces-de-lancien-president-les-plaidoiries-peuvent-commencer","status":"publish","type":"post","link":"https:\/\/ladepeche.mr\/?p=7422","title":{"rendered":"Proc\u00e8s de l\u2019ancien pr\u00e9sident : Les plaidoiries peuvent commencer !"},"content":{"rendered":"<p>Le proc\u00e8s de l\u2019ancien pr\u00e9sident Mohamed Ould Abdelaziz, poursuivi pour nombreux chefs d\u2019accusation en rapport avec le d\u00e9tournement des deniers publics, amorce une nouvelle phase o\u00f9 les avocats de toutes les parties (Minist\u00e8re public et d\u00e9fense) devraient tenter d\u2019\u00e9tayer ou d\u2019infirmer les r\u00e9v\u00e9lations li\u00e9es aux interrogatoires.<br \/>\nLe pr\u00e9sident du tribunal p\u00e9nal anti-corruption, Amar Ould Mohamed Lemine, a, en effet, annonc\u00e9 l\u2019inauguration des plaidoiries de la partie civile (Etat). Une soixante d\u2019avocats emmen\u00e9s par Me Ebetty tentera, \u00e0 nouveau, d\u2019enfoncer l\u2019ancien pr\u00e9sident. Ils seront, sans doute, suivi dans leur lanc\u00e9e accusatrice par le minist\u00e8re public avant de permettre \u00e0 la d\u00e9fense d\u2019apporter sa propre perception des faits.<\/p>\n","protected":false},"excerpt":{"rendered":"<p>Le proc\u00e8s de l\u2019ancien pr\u00e9sident Mohamed Ould Abdelaziz, poursuivi pour nombreux chefs d\u2019accusation en rapport avec le d\u00e9tournement des deniers publics, amorce une nouvelle phase o\u00f9 les avocats de toutes les parties (Minist\u00e8re public et d\u00e9fense) devraient tenter d\u2019\u00e9tayer ou d\u2019infirmer les r\u00e9v\u00e9lations li\u00e9es aux interrogatoires. Le pr\u00e9sident du tribunal p\u00e9nal anti-corruption, Amar Ould Mohamed &hellip;<\/p>\n","protected":false},"author":2,"featured_media":7331,"comment_status":"open","ping_status":"open","sticky":false,"template":"","format":"standard","meta":{"footnotes":""},"categories":[18],"tags":[],"class_list":["post-7422","post","type-post","status-publish","format-standard","has-post-thumbnail","hentry","category-actualites"],"_links":{"self":[{"href":"https:\/\/ladepeche.mr\/index.php?rest_route=\/wp\/v2\/posts\/7422","targetHints":{"allow":["GET"]}}],"collection":[{"href":"https:\/\/ladepeche.mr\/index.php?rest_route=\/wp\/v2\/posts"}],"about":[{"href":"https:\/\/ladepeche.mr\/index.php?rest_route=\/wp\/v2\/types\/post"}],"author":[{"embeddable":true,"href":"https:\/\/ladepeche.mr\/index.php?rest_route=\/wp\/v2\/users\/2"}],"replies":[{"embeddable":true,"href":"https:\/\/ladepeche.mr\/index.php?rest_route=%2Fwp%2Fv2%2Fcomments&post=7422"}],"version-history":[{"count":1,"href":"https:\/\/ladepeche.mr\/index.php?rest_route=\/wp\/v2\/posts\/7422\/revisions"}],"predecessor-version":[{"id":7423,"href":"https:\/\/ladepeche.mr\/index.php?rest_route=\/wp\/v2\/posts\/7422\/revisions\/7423"}],"wp:featuredmedia":[{"embeddable":true,"href":"https:\/\/ladepeche.mr\/index.php?rest_route=\/wp\/v2\/media\/7331"}],"wp:attachment":[{"href":"https:\/\/ladepeche.mr\/index.php?rest_route=%2Fwp%2Fv2%2Fmedia&parent=7422"}],"wp:term":[{"taxonomy":"category","embeddable":true,"href":"https:\/\/ladepeche.mr\/index.php?rest_route=%2Fwp%2Fv2%2Fcategories&post=7422"},{"taxonomy":"post_tag","embeddable":true,"href":"https:\/\/ladepeche.mr\/index.php?rest_route=%2Fwp%2Fv2%2Ftags&post=7422"}],"curies":[{"name":"wp","href":"https:\/\/api.w.org\/{rel}","templated":true}]}}