{"id":7433,"date":"2023-10-12T10:21:37","date_gmt":"2023-10-12T10:21:37","guid":{"rendered":"https:\/\/ladepeche.mr\/?p=7433"},"modified":"2023-10-12T10:21:37","modified_gmt":"2023-10-12T10:21:37","slug":"politique-lopposition-democratique-joue-lapaisement","status":"publish","type":"post","link":"https:\/\/ladepeche.mr\/?p=7433","title":{"rendered":"Politique : L\u2019Opposition d\u00e9mocratique joue l\u2019apaisement"},"content":{"rendered":"<p>C\u2019est pratiquement avec une langue de bois que le leader de l\u2019Opposition s\u2019est exprim\u00e9 mardi \u00e0 sa sortie d\u2019audience avec le premier Ministre, Mohamed Ould Bilal.   C\u2019est en tout cas le sentiment \u00e0 la lecture d\u2019une d\u00e9p\u00eache de l\u2019agence mauritanienne d\u2019information \u00e0 propos de cette rencontre de prise de contact direct avec le chef du gouvernement. Le ton amical, par des circonstances extraordinaires marqu\u00e9es par le projet du genre avort\u00e9 et par le d\u00e9clenchement de la guerre \u00e0 Gaza, montre bien que l\u2019Opposition traditionnelle n\u2019entend pas en d\u00e9coudre avec le r\u00e9gime sur ces questions o\u00f9 une certaine identit\u00e9 de vue est pratiquement acquise entre les deux parties.<br \/>\nLe chef de file de l\u2019Opposition d\u00e9mocratique, Hamadi Sid El Mokhtar, semble d\u2019ailleurs bien choisir les termes \u00ab doux \u00bb pour faire montre main tendue au r\u00e9gime. \u00ab Nous esp\u00e9rons, Inchaa Allah, que le pr\u00e9sent mandat sera riche en don de soi et nous permettra de bien communiquer avec le pouvoir pour le bien de la nation et du citoyen \u00bb.a expliqu\u00e9 \u00e0 sa sortie d\u2019audience le chef de file de l\u2019opposition se contentant, au passage, de noter que les discussions ont port\u00e9 sur des questions \u00ab nationales \u00bb et \u00ab internationales \u00bb. Une premi\u00e8re rencontre entre le PM et le Chef de file de l\u2019Opposition que ce dernier n\u2019a pas, sans doute, voulu \u00ab fracassante \u00bb.<\/p>\n","protected":false},"excerpt":{"rendered":"<p>C\u2019est pratiquement avec une langue de bois que le leader de l\u2019Opposition s\u2019est exprim\u00e9 mardi \u00e0 sa sortie d\u2019audience avec le premier Ministre, Mohamed Ould Bilal. C\u2019est en tout cas le sentiment \u00e0 la lecture d\u2019une d\u00e9p\u00eache de l\u2019agence mauritanienne d\u2019information \u00e0 propos de cette rencontre de prise de contact direct avec le chef du &hellip;<\/p>\n","protected":false},"author":2,"featured_media":7434,"comment_status":"open","ping_status":"open","sticky":false,"template":"","format":"standard","meta":{"footnotes":""},"categories":[18],"tags":[],"class_list":["post-7433","post","type-post","status-publish","format-standard","has-post-thumbnail","hentry","category-actualites"],"_links":{"self":[{"href":"https:\/\/ladepeche.mr\/index.php?rest_route=\/wp\/v2\/posts\/7433","targetHints":{"allow":["GET"]}}],"collection":[{"href":"https:\/\/ladepeche.mr\/index.php?rest_route=\/wp\/v2\/posts"}],"about":[{"href":"https:\/\/ladepeche.mr\/index.php?rest_route=\/wp\/v2\/types\/post"}],"author":[{"embeddable":true,"href":"https:\/\/ladepeche.mr\/index.php?rest_route=\/wp\/v2\/users\/2"}],"replies":[{"embeddable":true,"href":"https:\/\/ladepeche.mr\/index.php?rest_route=%2Fwp%2Fv2%2Fcomments&post=7433"}],"version-history":[{"count":1,"href":"https:\/\/ladepeche.mr\/index.php?rest_route=\/wp\/v2\/posts\/7433\/revisions"}],"predecessor-version":[{"id":7435,"href":"https:\/\/ladepeche.mr\/index.php?rest_route=\/wp\/v2\/posts\/7433\/revisions\/7435"}],"wp:featuredmedia":[{"embeddable":true,"href":"https:\/\/ladepeche.mr\/index.php?rest_route=\/wp\/v2\/media\/7434"}],"wp:attachment":[{"href":"https:\/\/ladepeche.mr\/index.php?rest_route=%2Fwp%2Fv2%2Fmedia&parent=7433"}],"wp:term":[{"taxonomy":"category","embeddable":true,"href":"https:\/\/ladepeche.mr\/index.php?rest_route=%2Fwp%2Fv2%2Fcategories&post=7433"},{"taxonomy":"post_tag","embeddable":true,"href":"https:\/\/ladepeche.mr\/index.php?rest_route=%2Fwp%2Fv2%2Ftags&post=7433"}],"curies":[{"name":"wp","href":"https:\/\/api.w.org\/{rel}","templated":true}]}}