{"id":7436,"date":"2023-10-12T10:28:47","date_gmt":"2023-10-12T10:28:47","guid":{"rendered":"https:\/\/ladepeche.mr\/?p=7436"},"modified":"2023-10-12T10:28:47","modified_gmt":"2023-10-12T10:28:47","slug":"le-president-de-la-republique-recoit-le-vice-president-de-la-commission-europeenne-et-le-ministre-de-linterieur-despagne","status":"publish","type":"post","link":"https:\/\/ladepeche.mr\/?p=7436","title":{"rendered":"Le Pr\u00e9sident de la R\u00e9publique re\u00e7oit le vice-pr\u00e9sident de la Commission europ\u00e9enne et le ministre de l\u2019Int\u00e9rieur d\u2019Espagne"},"content":{"rendered":"<p> Le Pr\u00e9sident de la R\u00e9publique, Son Excellence Monsieur Mohamed Ould Cheikh Ghazouani, a re\u00e7u en audience, mercredi matin, au Palais pr\u00e9sidentiel \u00e0 Nouakchott, le Vice-Pr\u00e9sident de la Commission europ\u00e9enne, M. Markaritis Schinas, et le Ministre espagnol de l\u2019int\u00e9rieur, M. Fernando Grande-Marlaska.<\/p>\n<p>L\u2019audience a port\u00e9 sur les domaines de coop\u00e9ration existant entre la Mauritanie et l\u2019Espagne, d\u2019une part, et avec l\u2019Union europ\u00e9enne en g\u00e9n\u00e9ral, et les voies et moyens de les impulser vers des horizons plus promoteurs pour servir des int\u00e9r\u00eats communs.<\/p>\n<p>Les deux parties ont, \u00e9galement, pass\u00e9 en revue les questions d\u2019int\u00e9r\u00eat commun.<\/p>\n<p>A sa sortie d\u2019audience, le Vice-Pr\u00e9sident de la Commission europ\u00e9enne a d\u00e9clar\u00e9 \u00e0 l\u2019AMI qu\u2019il est ravi d\u2019\u00eatre ici en Mauritanie avec le ministre espagnol de l\u2019int\u00e9rieur, pr\u00e9sident en exercice du conseil des ministres de l\u2019UE.<\/p>\n<p>Il a ajout\u00e9 : ma pr\u00e9sence ici est rare. Nous sommes l\u00e0 pour transmettre le message qui suit : la Mauritanie est pour nous un partenaire incontournable dans cette r\u00e9gion. Notre coop\u00e9ration bilat\u00e9rale vient de tr\u00e8s loin, et nous partageons des vrais int\u00e9r\u00eats communs qu\u2019il s\u2019agisse de faire progresser la transition \u00e9cologique, une \u00e9conomie durable, une stabilit\u00e9 r\u00e9gionale et une migration ordonn\u00e9e \u00bb.<\/p>\n<p>Au sujet de la coop\u00e9ration entre la Mauritanie et l\u2019UE, le Vice-Pr\u00e9sident de la Commission europ\u00e9enne a soulign\u00e9 que l\u2019UE a d\u00e9ploy\u00e9 jusqu\u2019aujourd\u2019hui en Mauritanie 600 millions d\u2019Euros.<\/p>\n<p>\u00ab Il s\u2019agit de l\u2019enveloppe financi\u00e8re significative et nous feront plus dans le cadre du nouveau sch\u00e9ma que nous appelons \u00abGlobal Gateway \u00bb. Il y\u2019aura la volont\u00e9 de l\u2019UE et de l\u2019Espagne d\u2019approfondir nos int\u00e9r\u00eats communs avec l\u2019assistance de la Banque de d\u00e9veloppement et de nos Etats membres dans de nouveaux domaines de coop\u00e9ration comme l\u2019hydrog\u00e8ne, le num\u00e9rique, la connectivit\u00e9 et le transport terrestre et maritime \u00bb, poursuit-il.<\/p>\n<p>Dans ce contexte, M. Fernando Grande-Marlaska a d\u00e9clar\u00e9 avoir transmis, au nom de la pr\u00e9sidente de la Commission europ\u00e9enne est Ursula von der Leyen, au Pr\u00e9sident de la R\u00e9publique, Monsieur Mohamed Ould Cheikh Ghazouani, une invitation pour participer au sommet de Global Gateway, qui aura lieu fin octobre \u00e0 Bruxelles. \u00ab C\u2019est un honneur pour nous d\u2019accueillir le Pr\u00e9sident de la R\u00e9publique dans quelques jours \u00bb.<\/p>\n<p>Parlant de la migration et de la mobilit\u00e9 des personnes, le Vice-Pr\u00e9sident de la Commission europ\u00e9enne a pr\u00e9cis\u00e9 que la migration irr\u00e9guli\u00e8re a cout\u00e9 beaucoup de vies dans la m\u00e9diterran\u00e9e.<\/p>\n<p>\u00ab Nous souhaitons b\u00e2tir une coalition internationale contre les trafiquants et les passeurs, et nous voulons aider tous les pays de cette r\u00e9gion, et aussi, la Mauritanie pour offrir les possibilit\u00e9s \u00e0 leurs concitoyens pour b\u00e2tir de meilleures vies chez eux au lieu de mettre leur vie dans les mains des passeurs. Nous nous f\u00e9licitons de la coop\u00e9ration que nous recevons de la Mauritanie, pays qui a prouv\u00e9 qu\u2019il est un partenaire solide dans la gestion ordonn\u00e9e du flux migratoire \u00bb.<\/p>\n<p>Au sujet des perspectives de coop\u00e9ration dans ce domaine, M. Fernando Grande-Marlaska a d\u00e9clar\u00e9 que son institution souhaite r\u00e9it\u00e9rer \u00e0 la Mauritanie l\u2019int\u00e9r\u00eat de l\u2019aider dans les circonstances actuelle o\u00f9 elle ne devient pas tout simplement un pays de transit, mais aussi un pays de destination \u00e0 cause de l\u2019instabilit\u00e9 dans la r\u00e9gion du Sahel.<\/p>\n<p>\u00ab En r\u00e9sum\u00e9, nous sommes l\u00e0 pour revalider la qualit\u00e9 et la profondeur de cette relations, nous allons ouvrir de nouvelles voies de formation professionnelle pour aider la jeunesse mauritanienne, et pr\u00e9sider des initiatives pour promouvoir la migration l\u00e9gale. Face \u00e0 une r\u00e9gion qui a beaucoup souffert et continue \u00e0 souffrir de l\u2019instabilit\u00e9 et de la friction des fronti\u00e8res, la Mauritanie ne sera pas seule, et l\u2019Europe et l\u2019Espagne seront \u00e0 ses c\u00f4t\u00e9s \u00bb, a conclu le Vice-Pr\u00e9sident de la Commission europ\u00e9enne.<\/p>\n<p>Pour sa part, le Ministre espagnol de l\u2019int\u00e9rieur, M. Fernando Grande-Marlaska a d\u00e9clar\u00e9 qu\u2019il est ravi d\u2019\u00eatre re\u00e7u par le Pr\u00e9sident de la R\u00e9publique et de visiter ce pays ami de l\u2019Espagne, pour la quatri\u00e8me fois.<\/p>\n<p>Il a ajout\u00e9 qu\u2019il l\u00e0 pour approfondir les relations bilat\u00e9rales, et exprim\u00e9 l\u2019appr\u00e9ciation de l\u2019Espagne du r\u00f4le que joue la Mauritanie dans la gestion de la migration irr\u00e9guli\u00e8re.<\/p>\n<p>\u00ab La Mauritanie peut compter sur le soutien de la Mauritanie et de l\u2019Europe et de l\u2019Espagne \u00bb, a conclu le ministre espagnol de l\u2019Int\u00e9rieur.<\/p>\n<p>L\u2019audience s\u2019est d\u00e9roul\u00e9e en pr\u00e9sence du ministre charg\u00e9 de cabinet du Pr\u00e9sident de la R\u00e9publique, M. Moctar Ould Diay, du ministre de la Justice, par int\u00e9rim ministre des Affaires \u00e9trang\u00e8res et de la Coop\u00e9ration, M. Mohamed Mahmoud Ould Cheikh Abdoullah Ould Boy\u00e9 , du ministre de l\u2019Int\u00e9rieur et de la D\u00e9centralisation, M.Mohamed Ahmed Ould Mohamed Lemine et du conseiller \u00e0 la Pr\u00e9sidence de la R\u00e9publique, M. Harouna Traor\u00e9.<\/p>\n<p>Du c\u00f4t\u00e9 europ\u00e9en, l\u2019audience s\u2019est d\u00e9roul\u00e9e en pr\u00e9sence de l\u2019ambassadrice d\u2019Espagne \u00e0 Nouakchott, SE Mme Miriam Alvarez De la Rosa, de l\u2019ambassadeur de l\u2019UE \u00e0 Nouakchott, SEM. Jones Guillem, de la directrice g\u00e9n\u00e9rale des relations internationales et des migrations, Mme Carzon Ottomandi, et de la conseill\u00e8re du Vice-Pr\u00e9sident de la Commission europ\u00e9enne, Mme Maria Mirto Canlopolo.<br \/>\nAmi<\/p>\n","protected":false},"excerpt":{"rendered":"<p>Le Pr\u00e9sident de la R\u00e9publique, Son Excellence Monsieur Mohamed Ould Cheikh Ghazouani, a re\u00e7u en audience, mercredi matin, au Palais pr\u00e9sidentiel \u00e0 Nouakchott, le Vice-Pr\u00e9sident de la Commission europ\u00e9enne, M. Markaritis Schinas, et le Ministre espagnol de l\u2019int\u00e9rieur, M. Fernando Grande-Marlaska. L\u2019audience a port\u00e9 sur les domaines de coop\u00e9ration existant entre la Mauritanie et l\u2019Espagne, &hellip;<\/p>\n","protected":false},"author":2,"featured_media":7437,"comment_status":"open","ping_status":"open","sticky":false,"template":"","format":"standard","meta":{"footnotes":""},"categories":[18,29],"tags":[],"class_list":["post-7436","post","type-post","status-publish","format-standard","has-post-thumbnail","hentry","category-actualites","category-monde"],"_links":{"self":[{"href":"https:\/\/ladepeche.mr\/index.php?rest_route=\/wp\/v2\/posts\/7436","targetHints":{"allow":["GET"]}}],"collection":[{"href":"https:\/\/ladepeche.mr\/index.php?rest_route=\/wp\/v2\/posts"}],"about":[{"href":"https:\/\/ladepeche.mr\/index.php?rest_route=\/wp\/v2\/types\/post"}],"author":[{"embeddable":true,"href":"https:\/\/ladepeche.mr\/index.php?rest_route=\/wp\/v2\/users\/2"}],"replies":[{"embeddable":true,"href":"https:\/\/ladepeche.mr\/index.php?rest_route=%2Fwp%2Fv2%2Fcomments&post=7436"}],"version-history":[{"count":1,"href":"https:\/\/ladepeche.mr\/index.php?rest_route=\/wp\/v2\/posts\/7436\/revisions"}],"predecessor-version":[{"id":7438,"href":"https:\/\/ladepeche.mr\/index.php?rest_route=\/wp\/v2\/posts\/7436\/revisions\/7438"}],"wp:featuredmedia":[{"embeddable":true,"href":"https:\/\/ladepeche.mr\/index.php?rest_route=\/wp\/v2\/media\/7437"}],"wp:attachment":[{"href":"https:\/\/ladepeche.mr\/index.php?rest_route=%2Fwp%2Fv2%2Fmedia&parent=7436"}],"wp:term":[{"taxonomy":"category","embeddable":true,"href":"https:\/\/ladepeche.mr\/index.php?rest_route=%2Fwp%2Fv2%2Fcategories&post=7436"},{"taxonomy":"post_tag","embeddable":true,"href":"https:\/\/ladepeche.mr\/index.php?rest_route=%2Fwp%2Fv2%2Ftags&post=7436"}],"curies":[{"name":"wp","href":"https:\/\/api.w.org\/{rel}","templated":true}]}}