{"id":7441,"date":"2023-10-12T12:04:48","date_gmt":"2023-10-12T12:04:48","guid":{"rendered":"https:\/\/ladepeche.mr\/?p=7441"},"modified":"2023-10-12T11:11:44","modified_gmt":"2023-10-12T11:11:44","slug":"fin-de-la-1ere-session-ordinaire-du-conseil-superieur-de-leducation","status":"publish","type":"post","link":"https:\/\/ladepeche.mr\/?p=7441","title":{"rendered":"Fin de la 1\u00e8re session ordinaire du Conseil sup\u00e9rieur de l\u2019\u00e9ducation"},"content":{"rendered":"<p>La premi\u00e8re session ordinaire du Conseil sup\u00e9rieur de l\u2019\u00e9ducation s\u2019est achev\u00e9e mercredi, \u00e0 Nouakchott, sous la pr\u00e9sidence de M. Brahim Fall Ould Mohamed Lemine, pr\u00e9sident du Conseil. Au cours de la session, les activit\u00e9s du Conseil entre les deux sessions, le rapport pr\u00e9par\u00e9 par le Conseil adress\u00e9 au gouvernement et les rapports des comit\u00e9s sectoriels ont \u00e9t\u00e9 examin\u00e9s. La formation du Bureau ex\u00e9cutif a \u00e9galement \u00e9t\u00e9 revue, les plans de travail pour 2023-2024 ont \u00e9t\u00e9 approuv\u00e9s et une pr\u00e9sentation de l\u2019ex\u00e9cution du budget 2023 a \u00e9t\u00e9 faite.<\/p>\n<p>Dans son discours \u00e0 cette occasion, M. Brahim Fall Ould Mohamed Lemine a appr\u00e9ci\u00e9 le haut niveau de professionnalisme et de franchise qui a marqu\u00e9 les d\u00e9bats des membres du Conseil, ainsi que leur souci collectif que ses r\u00e9sultats soient \u00e0 la hauteur des ambitions qui renforcent la position du gouvernement dans ses orientations en mati\u00e8re de r\u00e9forme et r\u00e9pondent \u00e0 la volont\u00e9 de Son Excellence le Pr\u00e9sident de la R\u00e9publique, Monsieur Mohamed Ould Cheikh El Ghazouani, de hisser notre syst\u00e8me p\u00e9dagogique pour en faire un levier fort de d\u00e9veloppement et une mat\u00e9rialisation effective du choix de l\u2019Ecole R\u00e9publicaine.<\/p>\n<p>Dans ce contexte, il a appr\u00e9ci\u00e9 la grande r\u00e9ponse aux appels r\u00e9p\u00e9t\u00e9s du secteur \u00e9ducatif, des autorit\u00e9s administratives et de tous les acteurs du domaine \u00e9ducatif pour commencer les cours \u00e0 l\u2019heure, d\u2019une part, et briser l\u2019habitude des \u00e9l\u00e8ves d\u2019\u00eatre en retard \u00e0 l\u2019\u00e9cole.<\/p>\n<p>M. Brahim Fall Ould Mohamed Lemine a f\u00e9licit\u00e9 l\u2019enseignant \u00e0 l\u2019occasion de sa Journ\u00e9e internationale, rappelant l\u2019\u00e9normit\u00e9 et la noblesse de la responsabilit\u00e9 qui lui a \u00e9t\u00e9 confi\u00e9e dans la pr\u00e9paration scientifique, culturelle et mentale des g\u00e9n\u00e9rations montantes, car elles sont le pilier de la nation et de son avenir.<\/p>\n<p>Il a soulign\u00e9 que cette session a permis d\u2019examiner des sujets multiples et divers, et de prendre note des acquis obtenus entre les deux sessions, des d\u00e9fis attendus pour accompagner la r\u00e9forme et des perspectives prometteuses de construction et de renforcement des capacit\u00e9s du Conseil.<\/p>\n<p>Il s\u2019agit pour ce dernier de pouvoir remplir ses obligations en tant d\u2019organisme consultatif ind\u00e9pendant dans les domaines de l\u2019orientation, de la coordination et de l\u2019\u00e9valuation, veillant au respect des grandes options en mati\u00e8re d\u2019enseignement et \u00e9valuant l\u2019application des lois et r\u00e8glements r\u00e9gissant le secteur de l\u2019\u00e9ducation d\u2019une mani\u00e8re g\u00e9n\u00e9rale.<\/p>\n<p>Le pr\u00e9sident du Conseil a relev\u00e9 la disponibilit\u00e9 et le souci du Conseil d\u2019accomplir ces t\u00e2ches et de respecter les d\u00e9lais li\u00e9s \u00e0 la pr\u00e9sentation des rapports p\u00e9riodiques et aux consultations qui pourraient lui \u00eatre demand\u00e9es de temps \u00e0 autre.<\/p>\n<p>La cl\u00f4ture s\u2019est d\u00e9roul\u00e9e en pr\u00e9sence du secr\u00e9taire g\u00e9n\u00e9ral du Conseil, M. Mahfoudh Ould Aggatt.<br \/>\nAmi<\/p>\n","protected":false},"excerpt":{"rendered":"<p>La premi\u00e8re session ordinaire du Conseil sup\u00e9rieur de l\u2019\u00e9ducation s\u2019est achev\u00e9e mercredi, \u00e0 Nouakchott, sous la pr\u00e9sidence de M. Brahim Fall Ould Mohamed Lemine, pr\u00e9sident du Conseil. Au cours de la session, les activit\u00e9s du Conseil entre les deux sessions, le rapport pr\u00e9par\u00e9 par le Conseil adress\u00e9 au gouvernement et les rapports des comit\u00e9s sectoriels &hellip;<\/p>\n","protected":false},"author":2,"featured_media":7442,"comment_status":"open","ping_status":"open","sticky":false,"template":"","format":"standard","meta":{"footnotes":""},"categories":[18],"tags":[],"class_list":["post-7441","post","type-post","status-publish","format-standard","has-post-thumbnail","hentry","category-actualites"],"_links":{"self":[{"href":"https:\/\/ladepeche.mr\/index.php?rest_route=\/wp\/v2\/posts\/7441","targetHints":{"allow":["GET"]}}],"collection":[{"href":"https:\/\/ladepeche.mr\/index.php?rest_route=\/wp\/v2\/posts"}],"about":[{"href":"https:\/\/ladepeche.mr\/index.php?rest_route=\/wp\/v2\/types\/post"}],"author":[{"embeddable":true,"href":"https:\/\/ladepeche.mr\/index.php?rest_route=\/wp\/v2\/users\/2"}],"replies":[{"embeddable":true,"href":"https:\/\/ladepeche.mr\/index.php?rest_route=%2Fwp%2Fv2%2Fcomments&post=7441"}],"version-history":[{"count":1,"href":"https:\/\/ladepeche.mr\/index.php?rest_route=\/wp\/v2\/posts\/7441\/revisions"}],"predecessor-version":[{"id":7443,"href":"https:\/\/ladepeche.mr\/index.php?rest_route=\/wp\/v2\/posts\/7441\/revisions\/7443"}],"wp:featuredmedia":[{"embeddable":true,"href":"https:\/\/ladepeche.mr\/index.php?rest_route=\/wp\/v2\/media\/7442"}],"wp:attachment":[{"href":"https:\/\/ladepeche.mr\/index.php?rest_route=%2Fwp%2Fv2%2Fmedia&parent=7441"}],"wp:term":[{"taxonomy":"category","embeddable":true,"href":"https:\/\/ladepeche.mr\/index.php?rest_route=%2Fwp%2Fv2%2Fcategories&post=7441"},{"taxonomy":"post_tag","embeddable":true,"href":"https:\/\/ladepeche.mr\/index.php?rest_route=%2Fwp%2Fv2%2Ftags&post=7441"}],"curies":[{"name":"wp","href":"https:\/\/api.w.org\/{rel}","templated":true}]}}