{"id":7452,"date":"2023-10-14T17:44:46","date_gmt":"2023-10-14T17:44:46","guid":{"rendered":"https:\/\/ladepeche.mr\/?p=7452"},"modified":"2023-10-14T17:44:46","modified_gmt":"2023-10-14T17:44:46","slug":"des-centaines-de-mauritaniens-manifestent-pour-protester-contre-les-crimes-de-loccupant-israelien","status":"publish","type":"post","link":"https:\/\/ladepeche.mr\/?p=7452","title":{"rendered":"Des centaines de mauritaniens manifestent pour protester contre les crimes de l\u2019occupant isra\u00e9lien"},"content":{"rendered":"<p>Des centaines de mauritaniens se sont rassembl\u00e9s \u00e0 Nouakchott, devant les bureaux des nations unies, apr\u00e8s la pri\u00e8re du vendredi pour \u00ab condamner et d\u00e9noncer les crimes isra\u00e9liens contre les populations palestiniennes \u00bb.<\/p>\n<p>Les manifestants brandissaient des drapeaux palestiniens et des photos de la mosqu\u00e9e d\u2019Al Aqsa et scandaient des slogans \u00ab nous sommes tous Gaza et nous sommes tous la Palestine \u00bb, exprimant leur col\u00e8re contre les crimes de l\u2019occupation et le silence coupable de la communaut\u00e9 internationale.<\/p>\n<p>Ces manifestations interviennent apr\u00e8s des appels sur les r\u00e9seaux sociaux invitant les mauritaniens \u00e0 se rendre, apr\u00e8s la pri\u00e8re du vendredi, devant les bureaux des nations unies, au centre de la capitale.<\/p>\n<p>Les manifestants ont exprim\u00e9 leur soutien \u00e0 la r\u00e9sistance palestinienne et \u00e0 l\u2019op\u00e9ration \u00ab le d\u00e9luge d\u2019Al Aqsa \u00bb lanc\u00e9e par El Kassam samedi dernier, qui est une cons\u00e9quence logique de l\u2019agissement de l\u2019occupant isra\u00e9lien.<\/p>\n<p>Cette manifestation intervient quelques heures apr\u00e8s que le parlement mauritanien ait annonc\u00e9 la tenue d\u2019une s\u00e9ance pl\u00e9ni\u00e8re en signe de solidarit\u00e9 avec le peuple palestinien dans l\u2019\u00e9preuve qu\u2019il traverse.<br \/>\nsaharam\u00e9dias via cridem<\/p>\n","protected":false},"excerpt":{"rendered":"<p>Des centaines de mauritaniens se sont rassembl\u00e9s \u00e0 Nouakchott, devant les bureaux des nations unies, apr\u00e8s la pri\u00e8re du vendredi pour \u00ab condamner et d\u00e9noncer les crimes isra\u00e9liens contre les populations palestiniennes \u00bb. Les manifestants brandissaient des drapeaux palestiniens et des photos de la mosqu\u00e9e d\u2019Al Aqsa et scandaient des slogans \u00ab nous sommes tous &hellip;<\/p>\n","protected":false},"author":2,"featured_media":7453,"comment_status":"open","ping_status":"open","sticky":false,"template":"","format":"standard","meta":{"footnotes":""},"categories":[18,29],"tags":[],"class_list":["post-7452","post","type-post","status-publish","format-standard","has-post-thumbnail","hentry","category-actualites","category-monde"],"_links":{"self":[{"href":"https:\/\/ladepeche.mr\/index.php?rest_route=\/wp\/v2\/posts\/7452","targetHints":{"allow":["GET"]}}],"collection":[{"href":"https:\/\/ladepeche.mr\/index.php?rest_route=\/wp\/v2\/posts"}],"about":[{"href":"https:\/\/ladepeche.mr\/index.php?rest_route=\/wp\/v2\/types\/post"}],"author":[{"embeddable":true,"href":"https:\/\/ladepeche.mr\/index.php?rest_route=\/wp\/v2\/users\/2"}],"replies":[{"embeddable":true,"href":"https:\/\/ladepeche.mr\/index.php?rest_route=%2Fwp%2Fv2%2Fcomments&post=7452"}],"version-history":[{"count":1,"href":"https:\/\/ladepeche.mr\/index.php?rest_route=\/wp\/v2\/posts\/7452\/revisions"}],"predecessor-version":[{"id":7454,"href":"https:\/\/ladepeche.mr\/index.php?rest_route=\/wp\/v2\/posts\/7452\/revisions\/7454"}],"wp:featuredmedia":[{"embeddable":true,"href":"https:\/\/ladepeche.mr\/index.php?rest_route=\/wp\/v2\/media\/7453"}],"wp:attachment":[{"href":"https:\/\/ladepeche.mr\/index.php?rest_route=%2Fwp%2Fv2%2Fmedia&parent=7452"}],"wp:term":[{"taxonomy":"category","embeddable":true,"href":"https:\/\/ladepeche.mr\/index.php?rest_route=%2Fwp%2Fv2%2Fcategories&post=7452"},{"taxonomy":"post_tag","embeddable":true,"href":"https:\/\/ladepeche.mr\/index.php?rest_route=%2Fwp%2Fv2%2Ftags&post=7452"}],"curies":[{"name":"wp","href":"https:\/\/api.w.org\/{rel}","templated":true}]}}